{"id":7650,"date":"2016-10-20T08:21:26","date_gmt":"2016-10-20T08:21:26","guid":{"rendered":"http:\/\/www.joachimott.de\/journal\/?p=7650"},"modified":"2016-11-03T13:41:54","modified_gmt":"2016-11-03T13:41:54","slug":"die-crux-mit-den-social-media-fotos-planung-hilft","status":"publish","type":"post","link":"https:\/\/www.joachimott.de\/journal\/2016\/10\/20\/die-crux-mit-den-social-media-fotos-planung-hilft\/","title":{"rendered":"Die Crux mit Social Media Fotos: Planung hilft"},"content":{"rendered":"<div id=\"attachment_7657\" style=\"width: 630px\" class=\"wp-caption alignnone\"><img loading=\"lazy\" decoding=\"async\" aria-describedby=\"caption-attachment-7657\" class=\"size-medium wp-image-7657\" src=\"https:\/\/www.joachimott.de\/journal\/wp-content\/uploads\/161020_insta-620x518.jpg\" alt=\"Social Media Fotos lassen sich am leichtesten f\u00fcr den Instagram-Account vorausplanen, k\u00f6nnen aber nur \u00fcbers Smartphone und zum aktuellen Zeitpunkt hochgeladen werden. \" width=\"620\" height=\"518\" \/><p id=\"caption-attachment-7657\" class=\"wp-caption-text\">Social Media Fotos lassen sich am leichtesten f\u00fcr den Instagram-Account vorausplanen, k\u00f6nnen aber nur \u00fcbers Smartphone und zum aktuellen Zeitpunkt hochgeladen werden.<\/p><\/div>\n<p>Immer mehr Blogger, Website- und Shop-Betreiber versuchen mit dem rasant wachsenden Tempo bei den Sozialen Medien mitzuhalten. Und dazu muss man st\u00e4ndig neue Mitteilungen und Social Media Fotos ver\u00f6ffentlichen. Oft geht es nicht mehr nur um Kontaktpflege bei Facebook und Google plus, auf Instagram oder Twitter. Es geht auch meistens nicht mehr nur um eigene, private Anliegen, die eigene Website, sondern auch um die Firmen-Website, den Shop. Und Posts mit guten Social Media Fotos\u00a0\u00a0werden \u00f6fters ge\u00f6ffnet. Woher also nur all die tollen Fotos bekommen &#8211; und nicht stehlen? Wer relativ viel Zeit in den sozialen Netzwerken verbringt, f\u00fcr den lohnt sich etwas Planung, um gute Bilder zu bekommen.<\/p>\n<p>Fr\u00fcher war das ganz nett: Man teilte ein sch\u00f6nes Foto, das man am Wochenende gemacht hatte, auf Facebook und bekam positive R\u00fcckmeldungen. Toll. Heute versuchen viele, mindestens einmal am Tag zu posten, um in den schnellebigen Feeds nicht unterzugehen. Die Ideen f\u00fcr neue Posts werden knapp, Bilder sind schwer zu finden oder selbst zu machen.<\/p>\n<p>Anbei ein par Tipps f\u00fcr all diejenigen, die nicht nur Freunde und Bekannte auf dem Laufenden halten m\u00f6chten. Der Beitrag richtet sich vor allem diejenigen, die\u00a0ziemlich oft mit interessanten und guten Beitr\u00e4gen und guten Social Media Fotos auf sich aufmerksam machen wollen.<\/p>\n<h3>Was man auf keinen Fall tun sollte<\/h3>\n<p>Bilderklau geht gar nicht. Auch die Hoffnung, das k\u00f6nnte unentdeckt bleiben, sollte man schnellstm\u00f6glich begraben. Wer seinen Feed zum Beispiel bei <a href=\"https:\/\/www.instagram.com\/joachimott\/\" target=\"_blank\">Instagram<\/a> mit tollen Bildern aufm\u00f6beln m\u00f6chte kann noch am ehesten andere Beitr\u00e4ge teilen, die sch\u00f6n bebildert sind.<\/p>\n<p>Auch die Notl\u00f6sung: \u201eIch habe kein Foto, aber ich mache daf\u00fcr eine Grafik mit Text drin&#8220; l\u00e4uft sich schnell tot. Das funktioniert, wenn \u00fcberhaupt, nur begrenzte Zeit und mit sehr originellen, griffigen Texten.<\/p>\n<p>Ebenfalls zum Scheitern sind viele spontane Aktionen nach dem Motto: \u201eIch sehe mal nach, was ich auf dem Handy habe\u201d sind erm\u00fcdend und meistens wenig erfolgreich.<\/p>\n<h3>Was hilft f\u00fcr gute Social Media Fotos<\/h3>\n<p>Gute Fotos zu machen hilft, ein gutes Archiv zu haben hilft ebenfalls um gute Social Media Fotos zur Hand zu haben, wenn man sie braucht. Aber wer hat das schon? Was fast jeder hat: Smartphone und einen Computer.<\/p>\n<p>Den perfekten Post mit einem knappen, pfiffigen Text und dem dazu passenden eindrucksvollen Foto \u00a0bekommt man ab und zu hin. Die Profis in den Sozialen Netzwerken sind da besser ausgestattet und k\u00f6nnen mehr Aufwand treiben. Aber eine \u201ekleine&#8220; alltagstaugliche\u00a0L\u00f6sung ist f\u00fcr fast alle m\u00f6glich.<\/p>\n<div id=\"attachment_7658\" style=\"width: 630px\" class=\"wp-caption alignnone\"><img loading=\"lazy\" decoding=\"async\" aria-describedby=\"caption-attachment-7658\" class=\"size-medium wp-image-7658\" src=\"https:\/\/www.joachimott.de\/journal\/wp-content\/uploads\/151215_rad_zeiechen-620x465.jpg\" alt=\"\u201eSymbol-Fotos\u201d hei\u00dfen die eher universell verwendebaren Bilder bei Journalisten, es lassen sich leicht verschiedene Bez\u00fcge herstellen. \" width=\"620\" height=\"465\" \/><p id=\"caption-attachment-7658\" class=\"wp-caption-text\">\u201eSymbol-Fotos\u201d hei\u00dfen die eher universell verwendebaren Bilder bei Journalisten, es lassen sich leicht verschiedene Bez\u00fcge herstellen.<\/p><\/div>\n<h3>Fotografieren und Archivieren<\/h3>\n<p>Die Scheu, in allen passenden und unpassenden Situationen das Handy f\u00fcr ein Foto zu z\u00fccken, ist heute verflogen. Im Restaurant wird das eigene Essen aus allen Perspektiven abgelichtet. Im Kaufhaus fotografiert man Etikett und Preis, um online nach niedrigeren Preisen zu suchen. Das nervt und ich m\u00f6chte nicht dazu raten, das auf alle Lebensbereiche auszudehnen.<\/p>\n<p>Aber es gibt gen\u00fcgend Situationen, an die man meist erst hinterher zur\u00fcckdenkt: H\u00e4tte ich davon ein Bild gemacht, k\u00f6nnte ich jetzt meinen Post damit illustrieren &#8211; und m\u00fcsste nicht lange nach Social Media Fotos suchen.<\/p>\n<p>Da helfen zwei Dinge: Erstens, sich eine Liste machen von den Situationen, von denen man jetzt gut ein Foto brauchen k\u00f6nnte. Wer ein Anliegen hat, f\u00fcr das er in den Sozialen Medien wirbt, hat auch ein Thema. Das grenzt die Situationen zum Fotografieren deutlich ein. Zweitens: In \u00e4hnlichen Situationen gezielt fotografieren. Das muss gar nicht nervend sein f\u00fcr andere: Wer kurz zum Handy greift und gezielt zwei, drei Sch\u00fcsse macht, f\u00e4llt nicht weiter auf. Formatf\u00fcllend sollten die Bilder sein und gut belichtet. Das soll reichen.<\/p>\n<h3>Schon ein kleines Foto-Archiv ist Gold wert<\/h3>\n<p>Einmal in der Woche sollte man sich hinsetzen, und die in irgendeiner Weise brauchbaren Fotos herausfiltern. \u201eBrauchbar\u201d meint: Ich kann ein Thema auch illustrieren mit einem Bild, das nicht genau die Situation zeigt, die ich gerade poste. F\u00fcr allgemeine Themenbereich gen\u00fcgen meist allgemeinere Fotos mit einem passenden Text. Wer zum Beispiel Dienstleistungen anbietet, der kann mit allgemeinen Fotos &#8211; vom Sonnenuntergang \u00fcber einen Wochenmarkt oder einen Arbeitsplatz mit Computer bis zum Stra\u00dfenverkehr &#8211; ziemlich viele Bez\u00fcge herstellen.<\/p>\n<div id=\"attachment_7659\" style=\"width: 630px\" class=\"wp-caption alignnone\"><img loading=\"lazy\" decoding=\"async\" aria-describedby=\"caption-attachment-7659\" class=\"size-medium wp-image-7659\" src=\"https:\/\/www.joachimott.de\/journal\/wp-content\/uploads\/161011_laufen-iphone-620x414.jpg\" alt=\"Am leichtesten l\u00e4sst sich das Archiv mit Alltagsfotos f\u00fcllen, die man immer wieder machen und auch \u00f6fters verwenden kann. \" width=\"620\" height=\"414\" \/><p id=\"caption-attachment-7659\" class=\"wp-caption-text\">Am leichtesten l\u00e4sst sich das Archiv mit Alltagsfotos f\u00fcllen, die man immer wieder machen und auch \u00f6fters verwenden kann.<\/p><\/div>\n<p>Wers konkreter braucht, bewegt sich meist sowieso in einem konkreteren Umfeld: Ein Winzer, der einen Weinshop betreibt, kann so ziemlich alle Situationen seines Arbeitslebens mal ins rechte Licht r\u00fccken. Verbraucher sind an fast allem interessiert, was zu diesem Arbeitsalltag geh\u00f6rt. Wer Produkte anbietet kann &#8211; statt immer nur sein Produkt zu zeigen &#8211; m\u00f6glichst viele Situationen ablichten, in denen das Produkt zum Einsatz kommt, selbst wenn es nicht mit abgelichtet ist.<\/p>\n<p>Wichtig ist, dass man die besten Bilder griffbereit hat: Im richtigen Format, im richtigen Ausschnitt, in einem Ordner auf den ich jederzeit zugreifen kann, mit passendem Titel und Datum. Reicht das aus? Nein, aber es ist eine gute Basis.<\/p>\n<div id=\"attachment_7662\" style=\"width: 630px\" class=\"wp-caption alignnone\"><img loading=\"lazy\" decoding=\"async\" aria-describedby=\"caption-attachment-7662\" class=\"size-medium wp-image-7662\" src=\"https:\/\/www.joachimott.de\/journal\/wp-content\/uploads\/LR-1070153-620x414.jpg\" alt=\"Dramatische Lichtstimmung kommt immer gut. Wichtiger ist langfristig ein eigener Stil, denn nur Drama h\u00e4lt man nicht durch.\" width=\"620\" height=\"414\" \/><p id=\"caption-attachment-7662\" class=\"wp-caption-text\">Dramatische Lichtstimmung kommt immer gut. Wichtiger ist langfristig ein eigener Stil, denn nur Drama h\u00e4lt man nicht durch.<\/p><\/div>\n<h3>Drama, Baby<\/h3>\n<p>Will man seine Bilder ohne allzu gro\u00dfen Aufwand verbessern, gibt es vor allem zwei Aspekte. Da ist zum einen der Ausschnitt. Standardfehler ist ein zu gro\u00dfer Abstand und oft auch ein zu geradliniger Ausschnitt oder Blickwinkel. Beides kann man mit einfachen Bildbearbeitungsprogrammen leicht nachbessern. Zumal die Aufl\u00f6sung auch der Bilder aus einem Smartphone viel Spielraum l\u00e4sst, erst recht wenn es nur um die Bildschirmaufl\u00f6sung geht.<\/p>\n<p>Der andere Aspekte betrifft Lichtstimmungen. Auch hier sind schnelle Korrekturen, m\u00f6glichst auch mit Voreinstellungen, kein Hexenwerk. Die App Snapseed bringt mehr Drama auf Knopfdruck, erm\u00f6glicht aber auch Feintunig und Ausschnittwahl. Andere Nutzer setzen auf Photoshop, Gimp oder Lightroom. Wichtig ist es, ein paar Routinen \/Arbeitsschritte zu kennen, man muss f\u00fcr die Fotos in den Sozialen Medien nicht das ganze Programm beherrschen.<\/p>\n<h3>Feinschliff<\/h3>\n<p>Sieht man sich die gro\u00dfen Accounts mit guter Optik auf, fallen zwei Dinge auf: Erstens sind die Bilder abwechslungsreich. Hier mal ein Ausschnitt, da eine Totale, monochrom und bunt, Landschaft und Portr\u00e4t. \u00dcberblickt man seinen Auswahl-Ordner erkennt man schnell, ob es an Alternativen noch mangelt und kann nachbessern. Zweitens haben viele Bilder eines Accounts einen eigenen Stil. Das muss nichts exotisches oder herausragendes sein. Aber es gibt einen Wiedererkennungseffekt, der beim Durchlaufen des Feeds innehalten l\u00e4sst. Die einfachste Methode daf\u00fcr ist f\u00fcr die Verwendung auf Facebook, Instagram, Twitter &amp; Co. kein k\u00fcnstlerisches Gesamtkonzept, sondern zum Beispiel die Einschr\u00e4nkung auf drei bis vier Filter.<\/p>\n<div id=\"attachment_7660\" style=\"width: 630px\" class=\"wp-caption alignnone\"><img loading=\"lazy\" decoding=\"async\" aria-describedby=\"caption-attachment-7660\" class=\"size-medium wp-image-7660\" src=\"https:\/\/www.joachimott.de\/journal\/wp-content\/uploads\/LR-1080594-620x414.jpg\" alt=\"Bei manchen Themen sollte man etwas mehr Aufwand f\u00fcr gute Fotos treiben: Foodies lieben gute Bilder. \" width=\"620\" height=\"414\" \/><p id=\"caption-attachment-7660\" class=\"wp-caption-text\">Bei manchen Themen sollte man etwas mehr Aufwand f\u00fcr gute Fotos treiben: Foodies lieben gute Bilder.<\/p><\/div>\n<h3>Planung &amp; Fazit<\/h3>\n<p>Das sieht zun\u00e4chst nach noch mehr Arbeit aus. Letztlich sollte die Methode mit dem Mini-Archiv aber Zeit sparen &#8211; vor allem im Vergleich zum unbefriedigenden Herumst\u00f6bern auf der Suche nach Motiven. Routine sorgt au\u00dferdem nach kurzer Zeit daf\u00fcr, dass man die Arbeiten schneller von der Hand gehen. Manche der guten Bilder kann man sicher auch mehrmals verwenden.<\/p>\n<p>Eine wesentliche Zeitersparnis ist es, neben der Vorauswahl und Bearbeitung der Bilder auch gleich die Planung &#8211; beispielsweise f\u00fcr eine Woche &#8211; zu machen. Im Facebook-Profil geht das beispielsweise mit Buffer, Hootsuite etc., auf der Facebook Page kann man es direkt in Facebook vorausplanen. F\u00fcr Instagram gibts Later.com und Twitter geht wieder mit Buffer, Hootsuite und anderen.<\/p>\n<p>Und dann sieht man die gut eine Stunde Vorarbeit pro Woche doch gleich in einem ganz anderen Licht: Die Zeit, die man mit den einzelnen Beitr\u00e4ge und der Bildersuche sonst verbringen w\u00fcrde ist um ein Mehrfaches h\u00f6her.<\/p>\n","protected":false},"excerpt":{"rendered":"<p>Immer mehr Blogger, Website- und Shop-Betreiber versuchen mit dem rasant wachsenden Tempo bei den Sozialen Medien mitzuhalten. Und dazu muss man st\u00e4ndig neue Mitteilungen und Social Media Fotos ver\u00f6ffentlichen. Oft geht es nicht mehr nur um Kontaktpflege bei Facebook und Google plus, auf Instagram oder Twitter. Es geht auch meistens nicht mehr nur um eigene, [&hellip;]<\/p>\n","protected":false},"author":3,"featured_media":0,"comment_status":"open","ping_status":"open","sticky":false,"template":"","format":"standard","meta":{"_et_pb_use_builder":"","_et_pb_old_content":"","_et_gb_content_width":"","footnotes":""},"categories":[2379,4,260,1968,6,2131],"tags":[474,2392,1247,619,2395,2396,2390,21,2391,2393,1229,2394,1616,157,395],"class_list":["post-7650","post","type-post","status-publish","format-standard","hentry","category-blog-werkstatt","category-design","category-iphone","category-lifestyle","category-photos","category-social-media-2","tag-bildbearbeitung","tag-buffer","tag-computer","tag-facebook","tag-facebook-page","tag-facebook-profil","tag-fotoarchiv","tag-fotos","tag-google-plus","tag-hootsuite","tag-instagram","tag-later-com","tag-smartphone","tag-social-media","tag-twitter"],"yoast_head":"<!-- This site is optimized with the Yoast SEO plugin v27.4 - https:\/\/yoast.com\/product\/yoast-seo-wordpress\/ -->\n<title>Die Crux mit Social Media Fotos: Planung hilft - joachimott journal<\/title>\n<meta name=\"description\" content=\"Gute Social Media Fotos werten jeden Auftritt bei Facebook, Twitter &amp; Co. auf. Aber sie verlangen ziemlich viel Aufwand und auch einiges an Planung.\" \/>\n<meta name=\"robots\" content=\"index, follow, max-snippet:-1, max-image-preview:large, max-video-preview:-1\" \/>\n<link rel=\"canonical\" href=\"https:\/\/www.joachimott.de\/journal\/2016\/10\/20\/die-crux-mit-den-social-media-fotos-planung-hilft\/\" \/>\n<meta property=\"og:locale\" content=\"de_DE\" \/>\n<meta property=\"og:type\" content=\"article\" \/>\n<meta property=\"og:title\" content=\"Die Crux mit Social Media Fotos: Planung hilft - joachimott journal\" \/>\n<meta property=\"og:description\" content=\"Gute Social Media Fotos werten jeden Auftritt bei Facebook, Twitter &amp; Co. auf. Aber sie verlangen ziemlich viel Aufwand und auch einiges an Planung.\" \/>\n<meta property=\"og:url\" content=\"https:\/\/www.joachimott.de\/journal\/2016\/10\/20\/die-crux-mit-den-social-media-fotos-planung-hilft\/\" \/>\n<meta property=\"og:site_name\" content=\"joachimott journal\" \/>\n<meta property=\"article:publisher\" content=\"https:\/\/www.facebook.com\/joachimott.de\/\" \/>\n<meta property=\"article:published_time\" content=\"2016-10-20T08:21:26+00:00\" \/>\n<meta property=\"article:modified_time\" content=\"2016-11-03T13:41:54+00:00\" \/>\n<meta property=\"og:image\" content=\"https:\/\/www.joachimott.de\/journal\/wp-content\/uploads\/161020_insta-620x518.jpg\" \/>\n<meta name=\"author\" content=\"Joachim Ott\" \/>\n<meta name=\"twitter:card\" content=\"summary_large_image\" \/>\n<meta name=\"twitter:creator\" content=\"@joachimott\" \/>\n<meta name=\"twitter:site\" content=\"@joachimott\" \/>\n<meta name=\"twitter:label1\" content=\"Verfasst von\" \/>\n\t<meta name=\"twitter:data1\" content=\"Joachim Ott\" \/>\n\t<meta name=\"twitter:label2\" content=\"Gesch\u00e4tzte Lesezeit\" \/>\n\t<meta name=\"twitter:data2\" content=\"7\u00a0Minuten\" \/>\n<script type=\"application\/ld+json\" class=\"yoast-schema-graph\">{\"@context\":\"https:\\\/\\\/schema.org\",\"@graph\":[{\"@type\":\"Article\",\"@id\":\"https:\\\/\\\/www.joachimott.de\\\/journal\\\/2016\\\/10\\\/20\\\/die-crux-mit-den-social-media-fotos-planung-hilft\\\/#article\",\"isPartOf\":{\"@id\":\"https:\\\/\\\/www.joachimott.de\\\/journal\\\/2016\\\/10\\\/20\\\/die-crux-mit-den-social-media-fotos-planung-hilft\\\/\"},\"author\":{\"name\":\"Joachim Ott\",\"@id\":\"https:\\\/\\\/www.joachimott.de\\\/journal\\\/#\\\/schema\\\/person\\\/552eff30b66a890ff493afebb8de87bf\"},\"headline\":\"Die Crux mit Social Media Fotos: Planung hilft\",\"datePublished\":\"2016-10-20T08:21:26+00:00\",\"dateModified\":\"2016-11-03T13:41:54+00:00\",\"mainEntityOfPage\":{\"@id\":\"https:\\\/\\\/www.joachimott.de\\\/journal\\\/2016\\\/10\\\/20\\\/die-crux-mit-den-social-media-fotos-planung-hilft\\\/\"},\"wordCount\":1373,\"commentCount\":1,\"image\":{\"@id\":\"https:\\\/\\\/www.joachimott.de\\\/journal\\\/2016\\\/10\\\/20\\\/die-crux-mit-den-social-media-fotos-planung-hilft\\\/#primaryimage\"},\"thumbnailUrl\":\"https:\\\/\\\/www.joachimott.de\\\/journal\\\/wp-content\\\/uploads\\\/161020_insta-620x518.jpg\",\"keywords\":[\"Bildbearbeitung\",\"buffer\",\"Computer\",\"Facebook\",\"facebook page\",\"facebook profil\",\"fotoarchiv\",\"Fotos\",\"google plus\",\"hootsuite\",\"Instagram\",\"later.com\",\"smartphone\",\"social media\",\"Twitter\"],\"articleSection\":[\"Blog-Werkstatt\",\"Design\",\"iPhone\",\"Lifestyle\",\"Photos\",\"Social Media\"],\"inLanguage\":\"de\",\"potentialAction\":[{\"@type\":\"CommentAction\",\"name\":\"Comment\",\"target\":[\"https:\\\/\\\/www.joachimott.de\\\/journal\\\/2016\\\/10\\\/20\\\/die-crux-mit-den-social-media-fotos-planung-hilft\\\/#respond\"]}]},{\"@type\":\"WebPage\",\"@id\":\"https:\\\/\\\/www.joachimott.de\\\/journal\\\/2016\\\/10\\\/20\\\/die-crux-mit-den-social-media-fotos-planung-hilft\\\/\",\"url\":\"https:\\\/\\\/www.joachimott.de\\\/journal\\\/2016\\\/10\\\/20\\\/die-crux-mit-den-social-media-fotos-planung-hilft\\\/\",\"name\":\"Die Crux mit Social Media Fotos: Planung hilft - joachimott journal\",\"isPartOf\":{\"@id\":\"https:\\\/\\\/www.joachimott.de\\\/journal\\\/#website\"},\"primaryImageOfPage\":{\"@id\":\"https:\\\/\\\/www.joachimott.de\\\/journal\\\/2016\\\/10\\\/20\\\/die-crux-mit-den-social-media-fotos-planung-hilft\\\/#primaryimage\"},\"image\":{\"@id\":\"https:\\\/\\\/www.joachimott.de\\\/journal\\\/2016\\\/10\\\/20\\\/die-crux-mit-den-social-media-fotos-planung-hilft\\\/#primaryimage\"},\"thumbnailUrl\":\"https:\\\/\\\/www.joachimott.de\\\/journal\\\/wp-content\\\/uploads\\\/161020_insta-620x518.jpg\",\"datePublished\":\"2016-10-20T08:21:26+00:00\",\"dateModified\":\"2016-11-03T13:41:54+00:00\",\"author\":{\"@id\":\"https:\\\/\\\/www.joachimott.de\\\/journal\\\/#\\\/schema\\\/person\\\/552eff30b66a890ff493afebb8de87bf\"},\"description\":\"Gute Social Media Fotos werten jeden Auftritt bei Facebook, Twitter & Co. auf. Aber sie verlangen ziemlich viel Aufwand und auch einiges an Planung.\",\"breadcrumb\":{\"@id\":\"https:\\\/\\\/www.joachimott.de\\\/journal\\\/2016\\\/10\\\/20\\\/die-crux-mit-den-social-media-fotos-planung-hilft\\\/#breadcrumb\"},\"inLanguage\":\"de\",\"potentialAction\":[{\"@type\":\"ReadAction\",\"target\":[\"https:\\\/\\\/www.joachimott.de\\\/journal\\\/2016\\\/10\\\/20\\\/die-crux-mit-den-social-media-fotos-planung-hilft\\\/\"]}]},{\"@type\":\"ImageObject\",\"inLanguage\":\"de\",\"@id\":\"https:\\\/\\\/www.joachimott.de\\\/journal\\\/2016\\\/10\\\/20\\\/die-crux-mit-den-social-media-fotos-planung-hilft\\\/#primaryimage\",\"url\":\"https:\\\/\\\/www.joachimott.de\\\/journal\\\/wp-content\\\/uploads\\\/161020_insta.jpg\",\"contentUrl\":\"https:\\\/\\\/www.joachimott.de\\\/journal\\\/wp-content\\\/uploads\\\/161020_insta.jpg\",\"width\":1000,\"height\":837,\"caption\":\"Fotos f\u00fcr den Instagram-Account lassen sich am leichtesten vorausplanen, k\u00f6nnen aber nur \u00fcbers Smartphone und zum aktuellen Zeitpunkt hochgeladen werden.\"},{\"@type\":\"BreadcrumbList\",\"@id\":\"https:\\\/\\\/www.joachimott.de\\\/journal\\\/2016\\\/10\\\/20\\\/die-crux-mit-den-social-media-fotos-planung-hilft\\\/#breadcrumb\",\"itemListElement\":[{\"@type\":\"ListItem\",\"position\":1,\"name\":\"Startseite\",\"item\":\"https:\\\/\\\/www.joachimott.de\\\/journal\\\/\"},{\"@type\":\"ListItem\",\"position\":2,\"name\":\"Die Crux mit Social Media Fotos: Planung hilft\"}]},{\"@type\":\"WebSite\",\"@id\":\"https:\\\/\\\/www.joachimott.de\\\/journal\\\/#website\",\"url\":\"https:\\\/\\\/www.joachimott.de\\\/journal\\\/\",\"name\":\"joachimott journal\",\"description\":\"Weblog von Joachim Ott\",\"potentialAction\":[{\"@type\":\"SearchAction\",\"target\":{\"@type\":\"EntryPoint\",\"urlTemplate\":\"https:\\\/\\\/www.joachimott.de\\\/journal\\\/?s={search_term_string}\"},\"query-input\":{\"@type\":\"PropertyValueSpecification\",\"valueRequired\":true,\"valueName\":\"search_term_string\"}}],\"inLanguage\":\"de\"},{\"@type\":\"Person\",\"@id\":\"https:\\\/\\\/www.joachimott.de\\\/journal\\\/#\\\/schema\\\/person\\\/552eff30b66a890ff493afebb8de87bf\",\"name\":\"Joachim Ott\",\"sameAs\":[\"http:\\\/\\\/www.joachimott.de\"]}]}<\/script>\n<!-- \/ Yoast SEO plugin. -->","yoast_head_json":{"title":"Die Crux mit Social Media Fotos: Planung hilft - joachimott journal","description":"Gute Social Media Fotos werten jeden Auftritt bei Facebook, Twitter & Co. auf. Aber sie verlangen ziemlich viel Aufwand und auch einiges an Planung.","robots":{"index":"index","follow":"follow","max-snippet":"max-snippet:-1","max-image-preview":"max-image-preview:large","max-video-preview":"max-video-preview:-1"},"canonical":"https:\/\/www.joachimott.de\/journal\/2016\/10\/20\/die-crux-mit-den-social-media-fotos-planung-hilft\/","og_locale":"de_DE","og_type":"article","og_title":"Die Crux mit Social Media Fotos: Planung hilft - joachimott journal","og_description":"Gute Social Media Fotos werten jeden Auftritt bei Facebook, Twitter & Co. auf. Aber sie verlangen ziemlich viel Aufwand und auch einiges an Planung.","og_url":"https:\/\/www.joachimott.de\/journal\/2016\/10\/20\/die-crux-mit-den-social-media-fotos-planung-hilft\/","og_site_name":"joachimott journal","article_publisher":"https:\/\/www.facebook.com\/joachimott.de\/","article_published_time":"2016-10-20T08:21:26+00:00","article_modified_time":"2016-11-03T13:41:54+00:00","og_image":[{"url":"https:\/\/www.joachimott.de\/journal\/wp-content\/uploads\/161020_insta-620x518.jpg","type":"","width":"","height":""}],"author":"Joachim Ott","twitter_card":"summary_large_image","twitter_creator":"@joachimott","twitter_site":"@joachimott","twitter_misc":{"Verfasst von":"Joachim Ott","Gesch\u00e4tzte Lesezeit":"7\u00a0Minuten"},"schema":{"@context":"https:\/\/schema.org","@graph":[{"@type":"Article","@id":"https:\/\/www.joachimott.de\/journal\/2016\/10\/20\/die-crux-mit-den-social-media-fotos-planung-hilft\/#article","isPartOf":{"@id":"https:\/\/www.joachimott.de\/journal\/2016\/10\/20\/die-crux-mit-den-social-media-fotos-planung-hilft\/"},"author":{"name":"Joachim Ott","@id":"https:\/\/www.joachimott.de\/journal\/#\/schema\/person\/552eff30b66a890ff493afebb8de87bf"},"headline":"Die Crux mit Social Media Fotos: Planung hilft","datePublished":"2016-10-20T08:21:26+00:00","dateModified":"2016-11-03T13:41:54+00:00","mainEntityOfPage":{"@id":"https:\/\/www.joachimott.de\/journal\/2016\/10\/20\/die-crux-mit-den-social-media-fotos-planung-hilft\/"},"wordCount":1373,"commentCount":1,"image":{"@id":"https:\/\/www.joachimott.de\/journal\/2016\/10\/20\/die-crux-mit-den-social-media-fotos-planung-hilft\/#primaryimage"},"thumbnailUrl":"https:\/\/www.joachimott.de\/journal\/wp-content\/uploads\/161020_insta-620x518.jpg","keywords":["Bildbearbeitung","buffer","Computer","Facebook","facebook page","facebook profil","fotoarchiv","Fotos","google plus","hootsuite","Instagram","later.com","smartphone","social media","Twitter"],"articleSection":["Blog-Werkstatt","Design","iPhone","Lifestyle","Photos","Social Media"],"inLanguage":"de","potentialAction":[{"@type":"CommentAction","name":"Comment","target":["https:\/\/www.joachimott.de\/journal\/2016\/10\/20\/die-crux-mit-den-social-media-fotos-planung-hilft\/#respond"]}]},{"@type":"WebPage","@id":"https:\/\/www.joachimott.de\/journal\/2016\/10\/20\/die-crux-mit-den-social-media-fotos-planung-hilft\/","url":"https:\/\/www.joachimott.de\/journal\/2016\/10\/20\/die-crux-mit-den-social-media-fotos-planung-hilft\/","name":"Die Crux mit Social Media Fotos: Planung hilft - joachimott journal","isPartOf":{"@id":"https:\/\/www.joachimott.de\/journal\/#website"},"primaryImageOfPage":{"@id":"https:\/\/www.joachimott.de\/journal\/2016\/10\/20\/die-crux-mit-den-social-media-fotos-planung-hilft\/#primaryimage"},"image":{"@id":"https:\/\/www.joachimott.de\/journal\/2016\/10\/20\/die-crux-mit-den-social-media-fotos-planung-hilft\/#primaryimage"},"thumbnailUrl":"https:\/\/www.joachimott.de\/journal\/wp-content\/uploads\/161020_insta-620x518.jpg","datePublished":"2016-10-20T08:21:26+00:00","dateModified":"2016-11-03T13:41:54+00:00","author":{"@id":"https:\/\/www.joachimott.de\/journal\/#\/schema\/person\/552eff30b66a890ff493afebb8de87bf"},"description":"Gute Social Media Fotos werten jeden Auftritt bei Facebook, Twitter & Co. auf. Aber sie verlangen ziemlich viel Aufwand und auch einiges an Planung.","breadcrumb":{"@id":"https:\/\/www.joachimott.de\/journal\/2016\/10\/20\/die-crux-mit-den-social-media-fotos-planung-hilft\/#breadcrumb"},"inLanguage":"de","potentialAction":[{"@type":"ReadAction","target":["https:\/\/www.joachimott.de\/journal\/2016\/10\/20\/die-crux-mit-den-social-media-fotos-planung-hilft\/"]}]},{"@type":"ImageObject","inLanguage":"de","@id":"https:\/\/www.joachimott.de\/journal\/2016\/10\/20\/die-crux-mit-den-social-media-fotos-planung-hilft\/#primaryimage","url":"https:\/\/www.joachimott.de\/journal\/wp-content\/uploads\/161020_insta.jpg","contentUrl":"https:\/\/www.joachimott.de\/journal\/wp-content\/uploads\/161020_insta.jpg","width":1000,"height":837,"caption":"Fotos f\u00fcr den Instagram-Account lassen sich am leichtesten vorausplanen, k\u00f6nnen aber nur \u00fcbers Smartphone und zum aktuellen Zeitpunkt hochgeladen werden."},{"@type":"BreadcrumbList","@id":"https:\/\/www.joachimott.de\/journal\/2016\/10\/20\/die-crux-mit-den-social-media-fotos-planung-hilft\/#breadcrumb","itemListElement":[{"@type":"ListItem","position":1,"name":"Startseite","item":"https:\/\/www.joachimott.de\/journal\/"},{"@type":"ListItem","position":2,"name":"Die Crux mit Social Media Fotos: Planung hilft"}]},{"@type":"WebSite","@id":"https:\/\/www.joachimott.de\/journal\/#website","url":"https:\/\/www.joachimott.de\/journal\/","name":"joachimott journal","description":"Weblog von Joachim Ott","potentialAction":[{"@type":"SearchAction","target":{"@type":"EntryPoint","urlTemplate":"https:\/\/www.joachimott.de\/journal\/?s={search_term_string}"},"query-input":{"@type":"PropertyValueSpecification","valueRequired":true,"valueName":"search_term_string"}}],"inLanguage":"de"},{"@type":"Person","@id":"https:\/\/www.joachimott.de\/journal\/#\/schema\/person\/552eff30b66a890ff493afebb8de87bf","name":"Joachim Ott","sameAs":["http:\/\/www.joachimott.de"]}]}},"_links":{"self":[{"href":"https:\/\/www.joachimott.de\/journal\/wp-json\/wp\/v2\/posts\/7650","targetHints":{"allow":["GET"]}}],"collection":[{"href":"https:\/\/www.joachimott.de\/journal\/wp-json\/wp\/v2\/posts"}],"about":[{"href":"https:\/\/www.joachimott.de\/journal\/wp-json\/wp\/v2\/types\/post"}],"author":[{"embeddable":true,"href":"https:\/\/www.joachimott.de\/journal\/wp-json\/wp\/v2\/users\/3"}],"replies":[{"embeddable":true,"href":"https:\/\/www.joachimott.de\/journal\/wp-json\/wp\/v2\/comments?post=7650"}],"version-history":[{"count":10,"href":"https:\/\/www.joachimott.de\/journal\/wp-json\/wp\/v2\/posts\/7650\/revisions"}],"predecessor-version":[{"id":7686,"href":"https:\/\/www.joachimott.de\/journal\/wp-json\/wp\/v2\/posts\/7650\/revisions\/7686"}],"wp:attachment":[{"href":"https:\/\/www.joachimott.de\/journal\/wp-json\/wp\/v2\/media?parent=7650"}],"wp:term":[{"taxonomy":"category","embeddable":true,"href":"https:\/\/www.joachimott.de\/journal\/wp-json\/wp\/v2\/categories?post=7650"},{"taxonomy":"post_tag","embeddable":true,"href":"https:\/\/www.joachimott.de\/journal\/wp-json\/wp\/v2\/tags?post=7650"}],"curies":[{"name":"wp","href":"https:\/\/api.w.org\/{rel}","templated":true}]}}