{"id":11748,"date":"2021-10-15T11:12:33","date_gmt":"2021-10-15T10:12:33","guid":{"rendered":"https:\/\/www.joachimott.de\/journal\/?p=11748"},"modified":"2021-11-03T19:03:01","modified_gmt":"2021-11-03T18:03:01","slug":"3-mikrofone-fuer-video-aufnahmen","status":"publish","type":"post","link":"https:\/\/www.joachimott.de\/journal\/2021\/10\/15\/3-mikrofone-fuer-video-aufnahmen\/","title":{"rendered":"3 Mikrofone f\u00fcr Deine Video-Aufnahmen"},"content":{"rendered":"<div id=\"attachment_11760\" style=\"width: 1930px\" class=\"wp-caption alignnone\"><img loading=\"lazy\" decoding=\"async\" aria-describedby=\"caption-attachment-11760\" class=\"size-full wp-image-11760\" src=\"https:\/\/www.joachimott.de\/journal\/wp-content\/uploads\/LR-25-3.jpg\" alt=\"3 Mikrofone f\u00fcr Video - machen jede Videoaufnahme besser.\" width=\"1920\" height=\"1080\" \/><p id=\"caption-attachment-11760\" class=\"wp-caption-text\">3 Mikrofone f\u00fcr Video &#8211; machen jede Videoaufnahme besser.<\/p><\/div>\n<p>Diese drei Mikrofone f\u00fcr Videoaufnahmen machen Deine <a href=\"https:\/\/www.joachimott.de\/journal\/2021\/07\/23\/video-aufnahmen-mit-zwei-kameras\/\">Videos<\/a> besser. Denn das eingebaute Mikrofon Deiner Kamera ist nur begrenzt f\u00fcr guten Ton tauglich. Viele Videofilmer sind zwar &#8211; vor allem zu Beginn &#8211; abgeschreckt von dem Gedanken, weiteres Zubeh\u00f6r mit sich herum \u00a0zu schleppen (wenn es keine Objektive sind). Aber zumindest eines der drei vorgestellten Mikros halte ich f\u00fcr unverzichtbar. Und wenn Du g\u00fcnstig einkaufst, bekommst Du f\u00fcr wenig Geld sogar alle drei.<\/p>\n<p><a href=\"https:\/\/youtu.be\/qqq4HJh2IFac\">In diesem Video zeige ich Dir, wie Du mit drei preiswerten Mikrofonen Deine Videos besser machst. <\/a><\/p>\n<p><!--more--><\/p>\n<div class=\"lyte-wrapper\" title=\"3 Mikrofone f&uuml;r Youtube-Videos\" style=\"width:640px;max-width:100%;margin:5px;\"><div class=\"lyMe\" id=\"WYL_qq4HJh2IFac\" itemprop=\"video\" itemscope itemtype=\"https:\/\/schema.org\/VideoObject\"><div><meta itemprop=\"thumbnailUrl\" content=\"https:\/\/www.joachimott.de\/journal\/wp-content\/plugins\/wp-youtube-lyte\/lyteCache.php?origThumbUrl=https%3A%2F%2Fi.ytimg.com%2Fvi%2Fqq4HJh2IFac%2Fhqdefault.jpg\" \/><meta itemprop=\"embedURL\" content=\"https:\/\/www.youtube.com\/embed\/qq4HJh2IFac\" \/><meta itemprop=\"duration\" content=\"PT10M48S\" \/><meta itemprop=\"uploadDate\" content=\"2021-10-15T10:11:29Z\" \/><\/div><meta itemprop=\"accessibilityFeature\" content=\"captions\" \/><div id=\"lyte_qq4HJh2IFac\" data-src=\"https:\/\/www.joachimott.de\/journal\/wp-content\/plugins\/wp-youtube-lyte\/lyteCache.php?origThumbUrl=https%3A%2F%2Fi.ytimg.com%2Fvi%2Fqq4HJh2IFac%2Fhqdefault.jpg\" class=\"pL\"><div class=\"tC\"><div class=\"tT\" itemprop=\"name\">3 Mikrofone f\u00fcr Youtube-Videos<\/div><\/div><div class=\"play\"><\/div><div class=\"ctrl\"><div class=\"Lctrl\"><\/div><div class=\"Rctrl\"><\/div><\/div><\/div><noscript><a href=\"https:\/\/youtu.be\/qq4HJh2IFac\" rel=\"nofollow\"><img loading=\"lazy\" decoding=\"async\" src=\"https:\/\/www.joachimott.de\/journal\/wp-content\/plugins\/wp-youtube-lyte\/lyteCache.php?origThumbUrl=https%3A%2F%2Fi.ytimg.com%2Fvi%2Fqq4HJh2IFac%2F0.jpg\" alt=\"3 Mikrofone f&uuml;r Youtube-Videos\" width=\"640\" height=\"340\" \/><br \/>Dieses Video auf YouTube ansehen<\/a><\/noscript><meta itemprop=\"description\" content=\"https:\/\/joachimott.de Gute Videos brauchen guten Ton - und der muss nicht teuer sein! Mit diesen drei vorgestellten Mikrofonen bekommst Du f\u00fcr wenig Geld weitaus besseren Ton, als mit Deinem internen Kamera-Mikrofon. Tonbeispiele f\u00fcr alle drei verwendeten Mikrofone (alle weit unter 100 \u20ac) sind im Video deutlich gekennzeichnet. So erkennst Du Aufnahmen mit dem Videomikrofon, dem Lavaliermikrofon und dem USB-Mikrofon oder Podcast-Mikrofon. Die meiste Zeit kommt der Ton von einem Lavalier-Mikrofon, das unsichtbar unter meinem T-Shirt befestigt wurde und mit einer Funkstrecke mit der Kamera verbunden ist (meine favorisierte L\u00f6sung). INHALT: 00:00 Drei Mikrofone f\u00fcr Videoaufnahmen 00:20: Interne Kamera Mikrofone 01:15 Video Mikrofone 02:35 Lavalier Mikrofone 06:00 USB- \/ Podcast-Mikrofone 09:45 Fazit Newsletter-Anmeldung f\u00fcr Foto- und Video-Themen: https:\/\/www.joachimott.de\/newsletter Mein Instagram-Account Foto https:\/\/www.instagram.com\/joachimott\/ Hinweis: Bei den unten stehenden Links handelt es sich um Affiliate Links. Durch einen Kauf \u00fcber den Link werde ich am Umsatz beteiligt. Dies hat f\u00fcr Dich keine Auswirkungen auf den Preis. Verwendet f\u00fcr dieses Video wurden diese Mikrofone: R\u00f8de Lavalier Go: https:\/\/amzn.to\/3cGhdJK R\u00f8de Wireless Go: https:\/\/amzn.to\/3E6AJwQ R\u00f8de Videmikrofon: https:\/\/amzn.to\/2YW7Ejn Auna USB-Mikrofon: https:\/\/amzn.to\/2BraBAC Boya Lavaliermikrofon by-M1 mit langem Kabel: https:\/\/amzn.to\/37fSg9Q Canon EOS RP: https:\/\/amzn.to\/38EpwoK Canon RF 50mm F1,8: https:\/\/amzn.to\/38CyItR Canon EOS M6: http:\/\/amzn.to\/2z9Ibaz Canon EOS M50: https:\/\/amzn.to\/2Sf4qYM Canon Adapter f\u00fcr EF Objektive EF-EOS M: https:\/\/amzn.to\/2YQ50eU Walimex pro 35\/1,5 Video DSLR Canon EF: https:\/\/amzn.to\/3epULEK Follow Focus: https:\/\/amzn.to\/3u7huwu Kamera Rig: https:\/\/amzn.to\/342PdfX Panasonic Lumix G81: http:\/\/amzn.to\/2AzJnpY Panasonic LUMIX G25mm F1.7: https:\/\/amzn.to\/2YQ50eU iPhone 11: https:\/\/amzn.to\/3eG5GMU Video-Stativ: https:\/\/amzn.to\/2Yq2iOy Reise-Stativ: http:\/\/amzn.to\/2ADOdT2 Mini-Stativ mit Smartphone-Halterung: http:\/\/amzn.to\/2puMTu6 ND-Fader: http:\/\/amzn.to\/2pxR5si Reduzierringe: http:\/\/amzn.to\/2G03exh #mikrofon #videomikrofon #audio\"><\/div><\/div><div class=\"lL\" style=\"max-width:100%;width:640px;margin:5px;\"><\/div><\/p>\n<p>Allerdings muss ich zugeben, dass mein Urteil \u00fcber die internen Mikrofone der Kameras heute nicht mehr so vernichtend ausf\u00e4llt, wie noch vor wenigen Jahren. Bei einigen Modellen hat sich die Qualit\u00e4t stark verbessert. Aber er gen\u00fcgt immer noch nicht den hohen Anspr\u00fcchen an guten Ton. Und der Einsatzbereich passt meistens nicht. Vereinfacht gesagt nehmen die internen Mikrofone alles auf, was sich in kurzem Abstand vor Deiner Kamera abspielt.<\/p>\n<p>Dieser scheinbare Vorteil ist eher ein Nachteil. Darunter fallen n\u00e4mlich auch alle Nebenger\u00e4usche vom L\u00fcfter eines PC im Innenraum bis zu entferntem Stra\u00dfenl\u00e4rm drau\u00dfen. Und wenn jemand in nur etwas gr\u00f6\u00dferer Entfernung in Dein Kamera spricht oder nicht direkt zur Kamera schaut, lassen Lautst\u00e4rke und Qualit\u00e4t drastisch nach.<\/p>\n<p>Deswegen hier die kurz die auch im Video vorgestellten drei <a href=\"https:\/\/www.joachimott.de\/journal\/2020\/11\/10\/welche-video-mikrofone-brauchst-du\/\">Mikrofone<\/a>\u00a0f\u00fcr Video in der Reihenfolge, wie sie mir heute in den meisten F\u00e4llen n\u00f6tig erscheint.<\/p>\n<div id=\"attachment_11752\" style=\"width: 630px\" class=\"wp-caption alignnone\"><img loading=\"lazy\" decoding=\"async\" aria-describedby=\"caption-attachment-11752\" class=\"wp-image-11752 size-medium\" src=\"https:\/\/www.joachimott.de\/journal\/wp-content\/uploads\/IMG_0275-1920-620x465.jpg\" alt=\"Klassisch: Die Videomikrofon zum Aufsetzen auf die Kamera, am besten mit Windschutz.\" width=\"620\" height=\"465\" \/><p id=\"caption-attachment-11752\" class=\"wp-caption-text\">Klassisch: Die Videomikrofon zum Aufsetzen auf die Kamera, am besten mit Windschutz.<\/p><\/div>\n<h3>Das Videomikrofon<\/h3>\n<p>Das aufgesetzte Mikrofon auf der Kamera gibt es in allen Gr\u00f6\u00dfen und Qualit\u00e4ten. Wenn es Dein erstes Mikrofon ist und m\u00f6glichst universell sein soll, dann w\u00fcrde ich auf ein paar Dinge besonders achten. Es sollte klein sein, damit Du es jederzeit unterbringen kannst. Es sollte keine externe Stromversorgung ben\u00f6tigen, sondern einfach mit dem Einst\u00f6pseln an der Kamera schon funktionieren. Und es sollte &#8211; weil es irgendwann auch drau\u00dfen eingesetzt werden wird &#8211; einen Windschutz haben, am besten den aus Fell. F\u00fcr mich waren diese Bedingungen am besten erf\u00fcllt mit dem <a href=\"https:\/\/amzn.to\/2YW7Ejn\" target=\"_blank\" rel=\"noopener\">R\u00f8de Videomikrofon<\/a>.<\/p>\n<p>Der Windschutz ist in meinen Augen unverzichtbar, denn Windger\u00e4usche sind f\u00fcr Normal-Videofilmer und -bearbeiter schwer oder gar nicht verlustfrei zu beseitigen. Und wer den Fellschutz im Nachhinein kauft, der zahlt meistens deutlich mehr, also am besten im Paket kaufen mit dem Mikro.<\/p>\n<p><strong>Vorteil des Videomikrofons:<\/strong><\/p>\n<ul>\n<li>es ist ziemlich universell<\/li>\n<li>es ist gut gegen Wind zu sch\u00e4tzen<\/li>\n<li>es hat eine geringe Richtwirkung<\/li>\n<\/ul>\n<p><strong>Nachteile des Videomikrofons:<\/strong><\/p>\n<ul>\n<li>in Innenr\u00e4umen mit Hall oder anderen Nebenger\u00e4uschen kommen auch diese deutlich r\u00fcber<\/li>\n<\/ul>\n<div id=\"attachment_11750\" style=\"width: 630px\" class=\"wp-caption alignnone\"><img loading=\"lazy\" decoding=\"async\" aria-describedby=\"caption-attachment-11750\" class=\"wp-image-11750 size-medium\" src=\"https:\/\/www.joachimott.de\/journal\/wp-content\/uploads\/IMG_0273-1920-620x465.jpg\" alt=\"Mein Favorit: Ein Lavalier, das man auch unauff\u00e4llig unter dem Hemd anbringen kann. \" width=\"620\" height=\"465\" \/><p id=\"caption-attachment-11750\" class=\"wp-caption-text\">Mein Favorit: Ein Lavalier, das man auch unauff\u00e4llig unter dem Hemd anbringen kann.<\/p><\/div>\n<h3>Das Lavalier-Mikrofon<\/h3>\n<p>Ich will keinen Hehl daraus machen: F\u00fcr mich ist das das beste und universellste Mikrofon f\u00fcr Videoaufnahmen. Und es war auch das erste, das ich mir angeschafft habe. Es war ein sehr preiswertes Mikro, dass ich zusammen mit einem externen Recorder verwendet habe. Und es war ein Quantensprung, was Aufnahmequalit\u00e4t und Einsatzm\u00f6glichkeiten betraf. Aber der Reihe nach.<\/p>\n<p>Die kleinen Knopf-Mikrofone, derzeit benutze ich das <a href=\"https:\/\/amzn.to\/3cGhdJK\" target=\"_blank\" rel=\"noopener\">R\u00f8de Lavalier Go<\/a>,\u00a0 sind bestens bekannt und werden un\u00fcbersehbar heute auch von Nachrichtensprechern getragen. Allerdings haben sie noch keine direkte Verbindung zu Deiner Kamera und der Tonspur, die dort synchron aufgezeichnet wird. Also brauchst Du entweder einen externen Recorder und synchronisierst die Aufnahmen in der Nachbearbeitung.<\/p>\n<div id=\"attachment_11754\" style=\"width: 1930px\" class=\"wp-caption alignnone\"><img loading=\"lazy\" decoding=\"async\" aria-describedby=\"caption-attachment-11754\" class=\"size-full wp-image-11754\" src=\"https:\/\/www.joachimott.de\/journal\/wp-content\/uploads\/IMG_0277-1920.jpg\" alt=\"Komfortabel: Eine Funkstrecke mit Lavaliermikrofon.\" width=\"1920\" height=\"1440\" \/><p id=\"caption-attachment-11754\" class=\"wp-caption-text\">Komfortabel: Eine Funkstrecke mit Lavaliermikrofon.<\/p><\/div>\n<p>Oder Du kaufst ein Mikro <a href=\"https:\/\/amzn.to\/2V3jwPu\" target=\"_blank\" rel=\"noopener\">mit einem langen Kabel wie dieses von Boya<\/a>, das Du in die Kamera einst\u00f6pselst, was die Bewegungsfreiheit einschr\u00e4nkt. Dritte und teuerste M\u00f6glichkeit ist eine <a href=\"https:\/\/amzn.to\/2GgupJd\" target=\"_blank\" rel=\"noopener\">Funkstrecke<\/a>, die wohl komfortabelste L\u00f6sung.<\/p>\n<p>Das Lavalier ist deswegen so gut, weil es <a href=\"https:\/\/www.joachimott.de\/journal\/2020\/09\/04\/lavaliermikrofone-anbringen\/\">direkt an der Schallquelle<\/a> sitzt. Und selbst wenn Du andere Ger\u00e4usche drumherum hast, wird die Stimme des Sprechers klar wiedergegeben. Bei mir verschwindet damit der (geringf\u00fcgige) Hall in meinem Arbeitszimmer im Vergleich zu den Aufnahmen mit dem Videomikrofon.<\/p>\n<div id=\"attachment_11751\" style=\"width: 630px\" class=\"wp-caption alignnone\"><img loading=\"lazy\" decoding=\"async\" aria-describedby=\"caption-attachment-11751\" class=\"wp-image-11751 size-medium\" src=\"https:\/\/www.joachimott.de\/journal\/wp-content\/uploads\/IMG_0274-1920-620x465.jpg\" alt=\"Lavalier-Mikrofone gibts auch mit langem Kabel: Das spart den externen Rekorder.\" width=\"620\" height=\"465\" \/><p id=\"caption-attachment-11751\" class=\"wp-caption-text\">Lavalier-Mikrofone gibts auch mit langem Kabel: Das spart den externen Rekorder.<\/p><\/div>\n<p><strong>Vorteile des Lavaliermikrofons:<\/strong><\/p>\n<ul>\n<li>gute Aufnahmequalit\u00e4t<\/li>\n<li>Reduzierung der Fremdger\u00e4usche<\/li>\n<li>geringes Gewicht und Packma\u00df<\/li>\n<\/ul>\n<p><strong>Nachteile des Lavaliermikrofons:<\/strong><\/p>\n<ul>\n<li>Ohne weitere Ma\u00dfnahmen sind die kleinen Mikros immer an prominenter Stelle im Bild<\/li>\n<\/ul>\n<div id=\"attachment_11753\" style=\"width: 1930px\" class=\"wp-caption alignnone\"><img loading=\"lazy\" decoding=\"async\" aria-describedby=\"caption-attachment-11753\" class=\"size-full wp-image-11753\" src=\"https:\/\/www.joachimott.de\/journal\/wp-content\/uploads\/IMG_0276-1920.jpg\" alt=\"Das USB-Mikrofon f\u00fcr den Schreibtisch: Ideal f\u00fcr Erg\u00e4nzungen in der Nachbearbeitung und Voice-Over-Videos.\" width=\"1920\" height=\"1440\" \/><p id=\"caption-attachment-11753\" class=\"wp-caption-text\">Das USB-Mikrofon f\u00fcr den Schreibtisch: Ideal f\u00fcr Erg\u00e4nzungen in der Nachbearbeitung und Voice-Over-Videos.<\/p><\/div>\n<h3>Das USB-Mikrofon oder Podcast-Mikrofon<\/h3>\n<p>Diese Tisch-Mikrofone werden eigentlich weniger als Mikrofone f\u00fcr Videos wahrgenommen, obwohl sie in vielen Videos sehr prominent ins Bild ger\u00fcckt werden. Gerade die <a href=\"https:\/\/amzn.to\/2BraBAC\" target=\"_blank\" rel=\"noopener\">preiswerten Modelle<\/a> haben vergleichsweise geringe Eingangspegel. Dem kann man technischen abhelfen durch kleine vorgeschaltete Verst\u00e4rker. Oder einfach durch die Tatsache, dass man ganz dicht heran geht und einen Poppschutz verwendet.<\/p>\n<p>Nat\u00fcrlich kann man die Aufnahmen zuhause jederzeit auch mit einem anderen Mikro machen. Aber hinsichtlich Qualit\u00e4t und Handhabung sind diese Mikrofone unschlagbar. Statt das Lavalier an die Kamera anzuschlie\u00dfen oder das Videomikrofon (evt. mit einem Klinkenadapter) am Schreibtisch-Rechner zu verbinden, ist das Podcast Mikrofon schnell aufgestellt und angeschlossen. Ich habe dazu als ganz schnelle L\u00f6sung ein <a href=\"https:\/\/amzn.to\/2Nmdfdm\" target=\"_blank\" rel=\"noopener\">Mini-Stativ<\/a>, und als komfortablere L\u00f6sung einen <a href=\"https:\/\/amzn.to\/37Y6V5y\" target=\"_blank\" rel=\"noopener\">faltbaren Mikro-St\u00e4nder<\/a>. Es muss \u00fcbrigens keinen USB-Anschluss haben, aber das ist wohl die einfachste und schnellste Methode, den Ton zur Nachbearbeitung im Schnittprogramm einzuf\u00fcgen.<\/p>\n<p>\u00c4hnlich wie beim Lavalier profitiert die Aufnahmequalit\u00e4t vom geringen Abstand. Und man kann den Charakter der Aufnahme auch noch einmal durch noch geringeren Abstand und sehr leise Stimme ver\u00e4ndern.<\/p>\n<p>Bei mir zuhause ist das Tisch-Mikro griffbereit und ganz fix angeschlossen. Und es ist f\u00fcr mich unverzichtbar, weil es in vielen Videos die Notwendigkeit gibt, nachtr\u00e4glich am gesprochenen Text etwas einzuf\u00fcgen oder zu korrigieren. Und wer nicht gerne vor der Kamera steht, der kann Videos auch ohne gro\u00dfe Nachteile komplett als Voice-over im Nachhinein vertonen.<\/p>\n<p><strong>Vorteile des Podcast-Mikrofons:<\/strong><\/p>\n<ul>\n<li>jederzeit zuhause einsatzbereit<\/li>\n<li>gute Tonqualit\u00e4t ohne Nebenger\u00e4usche<\/li>\n<\/ul>\n<p><strong>Nachteile des Podcast-Mikrofons:<\/strong><\/p>\n<ul>\n<li>preiswerte Mikros haben oft einen sehr geringen Eingangspegel, dann hilft ein Vorverst\u00e4rker<\/li>\n<\/ul>\n<h3>Mein Fazit<\/h3>\n<p>Ich w\u00fcrde auf keines der drei Mikrofone verzichten. Jedes meiner &#8211; sehr preiswerten &#8211; Mikros bietet mehr Qualit\u00e4t und M\u00f6glichkeiten, als die eingebauten Kamera-Mikrofone. In meinen Augen ist der Qualit\u00e4tssprung am gr\u00f6\u00dften vom internen zum externen Mikro. Qualit\u00e4ts- und Preisunterschiede gibt es nat\u00fcrlich, und wer garantieren m\u00f6chte, dass seine Stimme am besten r\u00fcberkommt, der wird um einen Vergleich oder \u00a0das Studium mehrere Demos in Youtube-Videos nicht herumkommen.<\/p>\n","protected":false},"excerpt":{"rendered":"<p>Diese drei Mikrofone f\u00fcr Videoaufnahmen machen Deine Videos besser. Denn das eingebaute Mikrofon Deiner Kamera ist nur begrenzt f\u00fcr guten Ton tauglich. Viele Videofilmer sind zwar &#8211; vor allem zu Beginn &#8211; abgeschreckt von dem Gedanken, weiteres Zubeh\u00f6r mit sich herum \u00a0zu schleppen (wenn es keine Objektive sind). Aber zumindest eines der drei vorgestellten Mikros [&hellip;]<\/p>\n","protected":false},"author":3,"featured_media":0,"comment_status":"open","ping_status":"open","sticky":false,"template":"","format":"standard","meta":{"_et_pb_use_builder":"","_et_pb_old_content":"","_et_gb_content_width":"","footnotes":""},"categories":[2973,115],"tags":[277,2794,773,1606,3739,1742,3983,278,3981,1071,3337,3984,3982,3980,241,321,3072],"class_list":["post-11748","post","type-post","status-publish","format-standard","hentry","category-audio","category-video","tag-audio","tag-externe-mikrofone","tag-funkstrecke","tag-lavalier","tag-lavalier-mikrofone","tag-mikrofone","tag-podcast-mikrofone","tag-recorder","tag-rekorder","tag-rode","tag-rode-go","tag-rode-wireless","tag-usb-mikrofone","tag-videomikrofone","tag-videos","tag-youtube","tag-youtube-video"],"yoast_head":"<!-- This site is optimized with the Yoast SEO plugin v27.4 - https:\/\/yoast.com\/product\/yoast-seo-wordpress\/ -->\n<title>3 Mikrofone f\u00fcr Deine Video-Aufnahmen - joachimott journal<\/title>\n<meta name=\"description\" content=\"Diese drei Video-Mikrofone machen Deine Videoaufnahmen besser. Jedes liefert f\u00fcr wenig Geld einen besseren Ton als das Kamera-Mikrofon.\" \/>\n<meta name=\"robots\" content=\"index, follow, max-snippet:-1, max-image-preview:large, max-video-preview:-1\" \/>\n<link rel=\"canonical\" href=\"https:\/\/www.joachimott.de\/journal\/2021\/10\/15\/3-mikrofone-fuer-video-aufnahmen\/\" \/>\n<meta property=\"og:locale\" content=\"de_DE\" \/>\n<meta property=\"og:type\" content=\"article\" \/>\n<meta property=\"og:title\" content=\"3 Mikrofone f\u00fcr Deine Video-Aufnahmen - joachimott journal\" \/>\n<meta property=\"og:description\" content=\"Diese drei Video-Mikrofone machen Deine Videoaufnahmen besser. Jedes liefert f\u00fcr wenig Geld einen besseren Ton als das Kamera-Mikrofon.\" \/>\n<meta property=\"og:url\" content=\"https:\/\/www.joachimott.de\/journal\/2021\/10\/15\/3-mikrofone-fuer-video-aufnahmen\/\" \/>\n<meta property=\"og:site_name\" content=\"joachimott journal\" \/>\n<meta property=\"article:publisher\" content=\"https:\/\/www.facebook.com\/joachimott.de\/\" \/>\n<meta property=\"article:published_time\" content=\"2021-10-15T10:12:33+00:00\" \/>\n<meta property=\"article:modified_time\" content=\"2021-11-03T18:03:01+00:00\" \/>\n<meta property=\"og:image\" content=\"https:\/\/www.joachimott.de\/journal\/wp-content\/uploads\/LR-25-3.jpg\" \/>\n<meta name=\"author\" content=\"Joachim Ott\" \/>\n<meta name=\"twitter:card\" content=\"summary_large_image\" \/>\n<meta name=\"twitter:creator\" content=\"@joachimott\" \/>\n<meta name=\"twitter:site\" content=\"@joachimott\" \/>\n<meta name=\"twitter:label1\" content=\"Verfasst von\" \/>\n\t<meta name=\"twitter:data1\" content=\"Joachim Ott\" \/>\n\t<meta name=\"twitter:label2\" content=\"Gesch\u00e4tzte Lesezeit\" \/>\n\t<meta name=\"twitter:data2\" content=\"6\u00a0Minuten\" \/>\n<script type=\"application\/ld+json\" class=\"yoast-schema-graph\">{\"@context\":\"https:\\\/\\\/schema.org\",\"@graph\":[{\"@type\":\"Article\",\"@id\":\"https:\\\/\\\/www.joachimott.de\\\/journal\\\/2021\\\/10\\\/15\\\/3-mikrofone-fuer-video-aufnahmen\\\/#article\",\"isPartOf\":{\"@id\":\"https:\\\/\\\/www.joachimott.de\\\/journal\\\/2021\\\/10\\\/15\\\/3-mikrofone-fuer-video-aufnahmen\\\/\"},\"author\":{\"name\":\"Joachim Ott\",\"@id\":\"https:\\\/\\\/www.joachimott.de\\\/journal\\\/#\\\/schema\\\/person\\\/552eff30b66a890ff493afebb8de87bf\"},\"headline\":\"3 Mikrofone f\u00fcr Deine Video-Aufnahmen\",\"datePublished\":\"2021-10-15T10:12:33+00:00\",\"dateModified\":\"2021-11-03T18:03:01+00:00\",\"mainEntityOfPage\":{\"@id\":\"https:\\\/\\\/www.joachimott.de\\\/journal\\\/2021\\\/10\\\/15\\\/3-mikrofone-fuer-video-aufnahmen\\\/\"},\"wordCount\":1136,\"commentCount\":0,\"image\":{\"@id\":\"https:\\\/\\\/www.joachimott.de\\\/journal\\\/2021\\\/10\\\/15\\\/3-mikrofone-fuer-video-aufnahmen\\\/#primaryimage\"},\"thumbnailUrl\":\"https:\\\/\\\/www.joachimott.de\\\/journal\\\/wp-content\\\/uploads\\\/LR-25-3.jpg\",\"keywords\":[\"Audio\",\"externe mikrofone\",\"Funkstrecke\",\"lavalier\",\"lavalier-mikrofone\",\"Mikrofone\",\"podcast mikrofone\",\"Recorder\",\"rekorder\",\"Rode\",\"rode go\",\"rode wireless\",\"usb-mikrofone\",\"videomikrofone\",\"Videos\",\"youtube\",\"youtube-video\"],\"articleSection\":[\"Audio\",\"Video\"],\"inLanguage\":\"de\",\"potentialAction\":[{\"@type\":\"CommentAction\",\"name\":\"Comment\",\"target\":[\"https:\\\/\\\/www.joachimott.de\\\/journal\\\/2021\\\/10\\\/15\\\/3-mikrofone-fuer-video-aufnahmen\\\/#respond\"]}]},{\"@type\":\"WebPage\",\"@id\":\"https:\\\/\\\/www.joachimott.de\\\/journal\\\/2021\\\/10\\\/15\\\/3-mikrofone-fuer-video-aufnahmen\\\/\",\"url\":\"https:\\\/\\\/www.joachimott.de\\\/journal\\\/2021\\\/10\\\/15\\\/3-mikrofone-fuer-video-aufnahmen\\\/\",\"name\":\"3 Mikrofone f\u00fcr Deine Video-Aufnahmen - joachimott journal\",\"isPartOf\":{\"@id\":\"https:\\\/\\\/www.joachimott.de\\\/journal\\\/#website\"},\"primaryImageOfPage\":{\"@id\":\"https:\\\/\\\/www.joachimott.de\\\/journal\\\/2021\\\/10\\\/15\\\/3-mikrofone-fuer-video-aufnahmen\\\/#primaryimage\"},\"image\":{\"@id\":\"https:\\\/\\\/www.joachimott.de\\\/journal\\\/2021\\\/10\\\/15\\\/3-mikrofone-fuer-video-aufnahmen\\\/#primaryimage\"},\"thumbnailUrl\":\"https:\\\/\\\/www.joachimott.de\\\/journal\\\/wp-content\\\/uploads\\\/LR-25-3.jpg\",\"datePublished\":\"2021-10-15T10:12:33+00:00\",\"dateModified\":\"2021-11-03T18:03:01+00:00\",\"author\":{\"@id\":\"https:\\\/\\\/www.joachimott.de\\\/journal\\\/#\\\/schema\\\/person\\\/552eff30b66a890ff493afebb8de87bf\"},\"description\":\"Diese drei Video-Mikrofone machen Deine Videoaufnahmen besser. Jedes liefert f\u00fcr wenig Geld einen besseren Ton als das Kamera-Mikrofon.\",\"breadcrumb\":{\"@id\":\"https:\\\/\\\/www.joachimott.de\\\/journal\\\/2021\\\/10\\\/15\\\/3-mikrofone-fuer-video-aufnahmen\\\/#breadcrumb\"},\"inLanguage\":\"de\",\"potentialAction\":[{\"@type\":\"ReadAction\",\"target\":[\"https:\\\/\\\/www.joachimott.de\\\/journal\\\/2021\\\/10\\\/15\\\/3-mikrofone-fuer-video-aufnahmen\\\/\"]}]},{\"@type\":\"ImageObject\",\"inLanguage\":\"de\",\"@id\":\"https:\\\/\\\/www.joachimott.de\\\/journal\\\/2021\\\/10\\\/15\\\/3-mikrofone-fuer-video-aufnahmen\\\/#primaryimage\",\"url\":\"https:\\\/\\\/www.joachimott.de\\\/journal\\\/wp-content\\\/uploads\\\/LR-25-3.jpg\",\"contentUrl\":\"https:\\\/\\\/www.joachimott.de\\\/journal\\\/wp-content\\\/uploads\\\/LR-25-3.jpg\",\"width\":1920,\"height\":1080,\"caption\":\"3 Mikrofone f\u00fcr Video - machen jede Videoaufnahme besser.\"},{\"@type\":\"BreadcrumbList\",\"@id\":\"https:\\\/\\\/www.joachimott.de\\\/journal\\\/2021\\\/10\\\/15\\\/3-mikrofone-fuer-video-aufnahmen\\\/#breadcrumb\",\"itemListElement\":[{\"@type\":\"ListItem\",\"position\":1,\"name\":\"Startseite\",\"item\":\"https:\\\/\\\/www.joachimott.de\\\/journal\\\/\"},{\"@type\":\"ListItem\",\"position\":2,\"name\":\"3 Mikrofone f\u00fcr Deine Video-Aufnahmen\"}]},{\"@type\":\"WebSite\",\"@id\":\"https:\\\/\\\/www.joachimott.de\\\/journal\\\/#website\",\"url\":\"https:\\\/\\\/www.joachimott.de\\\/journal\\\/\",\"name\":\"joachimott journal\",\"description\":\"Weblog von Joachim Ott\",\"potentialAction\":[{\"@type\":\"SearchAction\",\"target\":{\"@type\":\"EntryPoint\",\"urlTemplate\":\"https:\\\/\\\/www.joachimott.de\\\/journal\\\/?s={search_term_string}\"},\"query-input\":{\"@type\":\"PropertyValueSpecification\",\"valueRequired\":true,\"valueName\":\"search_term_string\"}}],\"inLanguage\":\"de\"},{\"@type\":\"Person\",\"@id\":\"https:\\\/\\\/www.joachimott.de\\\/journal\\\/#\\\/schema\\\/person\\\/552eff30b66a890ff493afebb8de87bf\",\"name\":\"Joachim Ott\",\"sameAs\":[\"http:\\\/\\\/www.joachimott.de\"]}]}<\/script>\n<!-- \/ Yoast SEO plugin. -->","yoast_head_json":{"title":"3 Mikrofone f\u00fcr Deine Video-Aufnahmen - joachimott journal","description":"Diese drei Video-Mikrofone machen Deine Videoaufnahmen besser. Jedes liefert f\u00fcr wenig Geld einen besseren Ton als das Kamera-Mikrofon.","robots":{"index":"index","follow":"follow","max-snippet":"max-snippet:-1","max-image-preview":"max-image-preview:large","max-video-preview":"max-video-preview:-1"},"canonical":"https:\/\/www.joachimott.de\/journal\/2021\/10\/15\/3-mikrofone-fuer-video-aufnahmen\/","og_locale":"de_DE","og_type":"article","og_title":"3 Mikrofone f\u00fcr Deine Video-Aufnahmen - joachimott journal","og_description":"Diese drei Video-Mikrofone machen Deine Videoaufnahmen besser. Jedes liefert f\u00fcr wenig Geld einen besseren Ton als das Kamera-Mikrofon.","og_url":"https:\/\/www.joachimott.de\/journal\/2021\/10\/15\/3-mikrofone-fuer-video-aufnahmen\/","og_site_name":"joachimott journal","article_publisher":"https:\/\/www.facebook.com\/joachimott.de\/","article_published_time":"2021-10-15T10:12:33+00:00","article_modified_time":"2021-11-03T18:03:01+00:00","og_image":[{"url":"https:\/\/www.joachimott.de\/journal\/wp-content\/uploads\/LR-25-3.jpg","type":"","width":"","height":""}],"author":"Joachim Ott","twitter_card":"summary_large_image","twitter_creator":"@joachimott","twitter_site":"@joachimott","twitter_misc":{"Verfasst von":"Joachim Ott","Gesch\u00e4tzte Lesezeit":"6\u00a0Minuten"},"schema":{"@context":"https:\/\/schema.org","@graph":[{"@type":"Article","@id":"https:\/\/www.joachimott.de\/journal\/2021\/10\/15\/3-mikrofone-fuer-video-aufnahmen\/#article","isPartOf":{"@id":"https:\/\/www.joachimott.de\/journal\/2021\/10\/15\/3-mikrofone-fuer-video-aufnahmen\/"},"author":{"name":"Joachim Ott","@id":"https:\/\/www.joachimott.de\/journal\/#\/schema\/person\/552eff30b66a890ff493afebb8de87bf"},"headline":"3 Mikrofone f\u00fcr Deine Video-Aufnahmen","datePublished":"2021-10-15T10:12:33+00:00","dateModified":"2021-11-03T18:03:01+00:00","mainEntityOfPage":{"@id":"https:\/\/www.joachimott.de\/journal\/2021\/10\/15\/3-mikrofone-fuer-video-aufnahmen\/"},"wordCount":1136,"commentCount":0,"image":{"@id":"https:\/\/www.joachimott.de\/journal\/2021\/10\/15\/3-mikrofone-fuer-video-aufnahmen\/#primaryimage"},"thumbnailUrl":"https:\/\/www.joachimott.de\/journal\/wp-content\/uploads\/LR-25-3.jpg","keywords":["Audio","externe mikrofone","Funkstrecke","lavalier","lavalier-mikrofone","Mikrofone","podcast mikrofone","Recorder","rekorder","Rode","rode go","rode wireless","usb-mikrofone","videomikrofone","Videos","youtube","youtube-video"],"articleSection":["Audio","Video"],"inLanguage":"de","potentialAction":[{"@type":"CommentAction","name":"Comment","target":["https:\/\/www.joachimott.de\/journal\/2021\/10\/15\/3-mikrofone-fuer-video-aufnahmen\/#respond"]}]},{"@type":"WebPage","@id":"https:\/\/www.joachimott.de\/journal\/2021\/10\/15\/3-mikrofone-fuer-video-aufnahmen\/","url":"https:\/\/www.joachimott.de\/journal\/2021\/10\/15\/3-mikrofone-fuer-video-aufnahmen\/","name":"3 Mikrofone f\u00fcr Deine Video-Aufnahmen - joachimott journal","isPartOf":{"@id":"https:\/\/www.joachimott.de\/journal\/#website"},"primaryImageOfPage":{"@id":"https:\/\/www.joachimott.de\/journal\/2021\/10\/15\/3-mikrofone-fuer-video-aufnahmen\/#primaryimage"},"image":{"@id":"https:\/\/www.joachimott.de\/journal\/2021\/10\/15\/3-mikrofone-fuer-video-aufnahmen\/#primaryimage"},"thumbnailUrl":"https:\/\/www.joachimott.de\/journal\/wp-content\/uploads\/LR-25-3.jpg","datePublished":"2021-10-15T10:12:33+00:00","dateModified":"2021-11-03T18:03:01+00:00","author":{"@id":"https:\/\/www.joachimott.de\/journal\/#\/schema\/person\/552eff30b66a890ff493afebb8de87bf"},"description":"Diese drei Video-Mikrofone machen Deine Videoaufnahmen besser. Jedes liefert f\u00fcr wenig Geld einen besseren Ton als das Kamera-Mikrofon.","breadcrumb":{"@id":"https:\/\/www.joachimott.de\/journal\/2021\/10\/15\/3-mikrofone-fuer-video-aufnahmen\/#breadcrumb"},"inLanguage":"de","potentialAction":[{"@type":"ReadAction","target":["https:\/\/www.joachimott.de\/journal\/2021\/10\/15\/3-mikrofone-fuer-video-aufnahmen\/"]}]},{"@type":"ImageObject","inLanguage":"de","@id":"https:\/\/www.joachimott.de\/journal\/2021\/10\/15\/3-mikrofone-fuer-video-aufnahmen\/#primaryimage","url":"https:\/\/www.joachimott.de\/journal\/wp-content\/uploads\/LR-25-3.jpg","contentUrl":"https:\/\/www.joachimott.de\/journal\/wp-content\/uploads\/LR-25-3.jpg","width":1920,"height":1080,"caption":"3 Mikrofone f\u00fcr Video - machen jede Videoaufnahme besser."},{"@type":"BreadcrumbList","@id":"https:\/\/www.joachimott.de\/journal\/2021\/10\/15\/3-mikrofone-fuer-video-aufnahmen\/#breadcrumb","itemListElement":[{"@type":"ListItem","position":1,"name":"Startseite","item":"https:\/\/www.joachimott.de\/journal\/"},{"@type":"ListItem","position":2,"name":"3 Mikrofone f\u00fcr Deine Video-Aufnahmen"}]},{"@type":"WebSite","@id":"https:\/\/www.joachimott.de\/journal\/#website","url":"https:\/\/www.joachimott.de\/journal\/","name":"joachimott journal","description":"Weblog von Joachim Ott","potentialAction":[{"@type":"SearchAction","target":{"@type":"EntryPoint","urlTemplate":"https:\/\/www.joachimott.de\/journal\/?s={search_term_string}"},"query-input":{"@type":"PropertyValueSpecification","valueRequired":true,"valueName":"search_term_string"}}],"inLanguage":"de"},{"@type":"Person","@id":"https:\/\/www.joachimott.de\/journal\/#\/schema\/person\/552eff30b66a890ff493afebb8de87bf","name":"Joachim Ott","sameAs":["http:\/\/www.joachimott.de"]}]}},"_links":{"self":[{"href":"https:\/\/www.joachimott.de\/journal\/wp-json\/wp\/v2\/posts\/11748","targetHints":{"allow":["GET"]}}],"collection":[{"href":"https:\/\/www.joachimott.de\/journal\/wp-json\/wp\/v2\/posts"}],"about":[{"href":"https:\/\/www.joachimott.de\/journal\/wp-json\/wp\/v2\/types\/post"}],"author":[{"embeddable":true,"href":"https:\/\/www.joachimott.de\/journal\/wp-json\/wp\/v2\/users\/3"}],"replies":[{"embeddable":true,"href":"https:\/\/www.joachimott.de\/journal\/wp-json\/wp\/v2\/comments?post=11748"}],"version-history":[{"count":8,"href":"https:\/\/www.joachimott.de\/journal\/wp-json\/wp\/v2\/posts\/11748\/revisions"}],"predecessor-version":[{"id":11774,"href":"https:\/\/www.joachimott.de\/journal\/wp-json\/wp\/v2\/posts\/11748\/revisions\/11774"}],"wp:attachment":[{"href":"https:\/\/www.joachimott.de\/journal\/wp-json\/wp\/v2\/media?parent=11748"}],"wp:term":[{"taxonomy":"category","embeddable":true,"href":"https:\/\/www.joachimott.de\/journal\/wp-json\/wp\/v2\/categories?post=11748"},{"taxonomy":"post_tag","embeddable":true,"href":"https:\/\/www.joachimott.de\/journal\/wp-json\/wp\/v2\/tags?post=11748"}],"curies":[{"name":"wp","href":"https:\/\/api.w.org\/{rel}","templated":true}]}}