{"id":11528,"date":"2021-05-31T16:19:59","date_gmt":"2021-05-31T15:19:59","guid":{"rendered":"https:\/\/www.joachimott.de\/journal\/?p=11528"},"modified":"2021-06-01T07:59:07","modified_gmt":"2021-06-01T06:59:07","slug":"schwarzwald-moody-video","status":"publish","type":"post","link":"https:\/\/www.joachimott.de\/journal\/2021\/05\/31\/schwarzwald-moody-video\/","title":{"rendered":"Schwarzwald (moody video)"},"content":{"rendered":"<div id=\"attachment_11530\" style=\"width: 1090px\" class=\"wp-caption alignnone\"><img loading=\"lazy\" decoding=\"async\" aria-describedby=\"caption-attachment-11530\" class=\"size-full wp-image-11530\" src=\"https:\/\/www.joachimott.de\/journal\/wp-content\/uploads\/LR-17.jpg\" alt=\"Schwarzwald (moody Video)\" width=\"1080\" height=\"608\" \/><p id=\"caption-attachment-11530\" class=\"wp-caption-text\">Schwarzwald (moody video)<\/p><\/div>\n<p>Ein Schwarzwald-Video, das aus dem Rahmen meiner Foto- und Video-Themen herausf\u00e4llt.<\/p>\n<p>Der Mai hatte so seine Herausforderungen. Also wetterm\u00e4\u00dfig und im Hinblick auf Landschaftsfotos. Aber ich mag es, wenn es \u201dviel Wetter\u201d gibt: Regen, Wind, Nebel, tief h\u00e4ngende Wolken, manchmal Sturm&#8230; Nat\u00fcrlich ergibt das nicht unbedingt diejenigen Motive, die zum Beispiel auf Instagram die meisten Likes bekommen. Aber zu manchen Landschaften (der Schwarzwald eingeschlossen) passt so viel Wetter ganz hervorragend.<\/p>\n<p><!--more--><\/p>\n<div class=\"lyte-wrapper\" title=\"Schwarzwald (moody video)\" style=\"width:640px;max-width:100%;margin:5px;\"><div class=\"lyMe\" id=\"WYL_iK3bEPcWB_0\" itemprop=\"video\" itemscope itemtype=\"https:\/\/schema.org\/VideoObject\"><div><meta itemprop=\"thumbnailUrl\" content=\"https:\/\/www.joachimott.de\/journal\/wp-content\/plugins\/wp-youtube-lyte\/lyteCache.php?origThumbUrl=https%3A%2F%2Fi.ytimg.com%2Fvi%2FiK3bEPcWB_0%2Fhqdefault.jpg\" \/><meta itemprop=\"embedURL\" content=\"https:\/\/www.youtube.com\/embed\/iK3bEPcWB_0\" \/><meta itemprop=\"duration\" content=\"PT3M25S\" \/><meta itemprop=\"uploadDate\" content=\"2021-05-31T15:17:23Z\" \/><\/div><div id=\"lyte_iK3bEPcWB_0\" data-src=\"https:\/\/www.joachimott.de\/journal\/wp-content\/plugins\/wp-youtube-lyte\/lyteCache.php?origThumbUrl=https%3A%2F%2Fi.ytimg.com%2Fvi%2FiK3bEPcWB_0%2Fhqdefault.jpg\" class=\"pL\"><div class=\"tC\"><div class=\"tT\" itemprop=\"name\">Schwarzwald (moody video)<\/div><\/div><button tabindex=\"0\" class=\"play\"><\/button><div class=\"ctrl\"><div class=\"Lctrl\"><\/div><div class=\"Rctrl\"><\/div><\/div><\/div><noscript><a href=\"https:\/\/youtu.be\/iK3bEPcWB_0\" rel=\"nofollow\"><img loading=\"lazy\" decoding=\"async\" src=\"https:\/\/www.joachimott.de\/journal\/wp-content\/plugins\/wp-youtube-lyte\/lyteCache.php?origThumbUrl=https%3A%2F%2Fi.ytimg.com%2Fvi%2FiK3bEPcWB_0%2F0.jpg\" alt=\"Schwarzwald (moody video)\" width=\"640\" height=\"340\" \/><br \/>Dieses Video auf YouTube ansehen<\/a><\/noscript><meta itemprop=\"description\" content=\"https:\/\/joachimott.de Der Mai hatte so seine Herausforderungen. Also wetterm\u00e4\u00dfig und im Hinblick auf Landschaftsfotos. Aber ich mag es, wenn es \u201dviel Wetter\u201d gibt: Regen, Wind, Nebel, tief h\u00e4ngende Wolken, manchmal Sturm... Nat\u00fcrlich ergibt das nicht unbedingt diejenigen Motive, die zum Beispiel auf Instagram die meisten Likes bekommen. Aber zu manchen Landschaften (der Schwarzwald eingeschlossen) passt so viel Wetter ganz hervorragend. Wenn man dann mit der Kamera loszieht, ist es nat\u00fcrlich am sch\u00f6nsten, direkt nach einem frischen Regenschauer in in die nasse Landschaft einzutauchen. Das klappte nur teilweise. Die Folge waren eine nassen Kamera-Ausr\u00fcstung - und nat\u00fcrlich ein nasser Fotograf. Auf der anderen Seite gab es sch\u00f6ne O-T\u00f6ne, die sich gut f\u00fcrs Video verwenden lie\u00dfen. Praktischerweise wurden die nicht mit dem eingebauten Kamera- oder dem externen Video-Mikrofon aufgenommen. Sondern mit einem Recorder, der noch ein bi\u00dfchen mehr von dem Feeling einf\u00e4ngt und wiedergibt. Ein Hintergrund f\u00fcr dieses Videos ist nicht ganz so positiv: Auftr\u00e4ge f\u00fcr Fotos und Videos waren und sind immer noch ziemlich rar. Und so b\u00fcndelt sich meine Energie auch auf Instagram Missionen f\u00fcr sch\u00f6ne Bilder und auf eigene Videos f\u00fcr mein Journal. In der Hoffnung, dass ich aus dieser Pandemie zumindest nicht als schlechterer (oder eingerosteter) Fotograf und Videofilmer heraus komme, wenn sie dann mal vorbei ist. Newsletter-Anmeldung f\u00fcr Foto- und Video-Themen: https:\/\/www.joachimott.de\/newsletter Mein Instagram-Account Foto https:\/\/www.instagram.com\/joachimott\/ Hinweis: Bei den unten stehenden Links handelt es sich um Affiliate Links. Durch einen Kauf \u00fcber den Link werde ich am Umsatz beteiligt. Dies hat f\u00fcr Dich keine Auswirkungen auf den Preis. Canon EOS M6: http:\/\/amzn.to\/2z9Ibaz Canon EOS M50: https:\/\/amzn.to\/2Sf4qYM Canon Adapter f\u00fcr EF Objektive EF-EOS M: https:\/\/amzn.to\/2YQ50eU Einfacher Adapter Contax \/ Yashica auf Canon EF: https:\/\/amzn.to\/3v7JD7L 7Artisans 25mm F1.8 EF-M: https:\/\/amzn.to\/310mk3M Walimex pro 35\/1,5 Video DSLR Canon EF: https:\/\/amzn.to\/3epULEK Follow Focus: https:\/\/amzn.to\/3u7huwu Kamera Rig: https:\/\/amzn.to\/342PdfX Canon EOS RP: https:\/\/amzn.to\/38EpwoK Canon RF 50mm F1,8: https:\/\/amzn.to\/38CyItR Panasonic Lumix G81: http:\/\/amzn.to\/2AzJnpY Panasonic LUMIX G25mm F1.7: https:\/\/amzn.to\/2YQ50eU Video-Stativ: https:\/\/amzn.to\/2Yq2iOy Reise-Stativ: http:\/\/amzn.to\/2ADOdT2 Mini-Stativ mit Smartphone-Halterung: http:\/\/amzn.to\/2puMTu6 Fernausl\u00f6ser Smartphone: https:\/\/amzn.to\/3z1zCeV Fernausl\u00f6ser Canon: https:\/\/amzn.to\/3wm2uMB Kabelfernausl\u00f6ser mit Timer: http:\/\/amzn.to\/2pvqUDD ND-Fader: http:\/\/amzn.to\/2pxR5si Reduzierringe: http:\/\/amzn.to\/2G03exh #schwarzwald #moody #video\"><\/div><\/div><div class=\"lL\" style=\"max-width:100%;width:640px;margin:5px;\"><\/div><\/p>\n<p>Wenn man dann mit der Kamera loszieht, ist es nat\u00fcrlich am sch\u00f6nsten, direkt nach einem frischen Regenschauer in in die nasse Landschaft einzutauchen. Das klappte f\u00fcr dieses Schwarzwald Video nur teilweise. Die Folge waren eine nassen Kamera-Ausr\u00fcstung &#8211; und nat\u00fcrlich ein nasser Fotograf.<\/p>\n<p>Auf der anderen Seite gab es sch\u00f6ne O-T\u00f6ne, die sich gut f\u00fcr dieses Schwarzwald Video verwenden lie\u00dfen. Praktischerweise wurden die nicht mit dem eingebauten <a href=\"https:\/\/amzn.to\/38EpwoK\" target=\"_blank\" rel=\"noopener\">Kamera<\/a>&#8211; oder dem externen <a href=\"https:\/\/amzn.to\/2YW7Ejn\" target=\"_blank\" rel=\"noopener\">Video-Mikrofon<\/a> aufgenommen. Sondern mit einem Recorder, der noch ein bi\u00dfchen mehr von dem Feeling einf\u00e4ngt und wiedergibt.<\/p>\n<p>Ein paar Fotos dieser Art, aber von anderen Unternehmungen, sind auch in dem Artikel <a href=\"https:\/\/www.joachimott.de\/journal\/2021\/05\/12\/fotografieren-bei-schlechtem-wetter\/\">&#8222;Fotografieren bei schlechtem Wetter&#8220;<\/a> vertreten (dieser Post war sozusagen auch der Ausl\u00f6ser f\u00fcr das Video). Und damit sind sie auch in dem <a href=\"https:\/\/www.instagram.com\/p\/COw72zOsxlu\/\">Instagram Carousel<\/a> zu diesem Thema vertreten (wie \u00fcberhaupt in meinem <a href=\"https:\/\/www.instagram.com\/joachimott\/\">Instagram Account<\/a>).<\/p>\n<p>Ein Hintergrund f\u00fcr dieses Videos ist nicht ganz so positiv: Auftr\u00e4ge f\u00fcr Fotos und Videos waren und sind immer noch ziemlich rar. Und so b\u00fcndelt sich meine Energie auch auf Instagram Missionen f\u00fcr sch\u00f6ne Bilder und auf eigene Videos f\u00fcr mein Journal. In der Hoffnung, dass ich aus dieser Pandemie zumindest nicht als schlechterer (oder eingerosteter) Fotograf und Videofilmer heraus komme, wenn sie dann mal vorbei ist.<\/p>\n","protected":false},"excerpt":{"rendered":"<p>Ein Schwarzwald-Video, das aus dem Rahmen meiner Foto- und Video-Themen herausf\u00e4llt. Der Mai hatte so seine Herausforderungen. Also wetterm\u00e4\u00dfig und im Hinblick auf Landschaftsfotos. Aber ich mag es, wenn es \u201dviel Wetter\u201d gibt: Regen, Wind, Nebel, tief h\u00e4ngende Wolken, manchmal Sturm&#8230; Nat\u00fcrlich ergibt das nicht unbedingt diejenigen Motive, die zum Beispiel auf Instagram die meisten [&hellip;]<\/p>\n","protected":false},"author":3,"featured_media":0,"comment_status":"open","ping_status":"open","sticky":false,"template":"","format":"standard","meta":{"_et_pb_use_builder":"","_et_pb_old_content":"","_et_gb_content_width":"","footnotes":""},"categories":[115],"tags":[1628,3831,3901,1229,3922,3564,3152,3733,622,3923,1068,3924,2253,3925,2753,88,2411,165],"class_list":["post-11528","post","type-post","status-publish","format-standard","hentry","category-video","tag-canon-eos-m","tag-canon-eos-rp","tag-dunst","tag-instagram","tag-instagram-mission","tag-iphone-11","tag-iphone-video","tag-moody","tag-nebel","tag-pandemie","tag-regen","tag-regenwetter","tag-roadtrip","tag-roadtrip-schwarzwald","tag-schlechtes-wetter","tag-schwarzwald","tag-video","tag-wolken"],"yoast_head":"<!-- This site is optimized with the Yoast SEO plugin v28.2 - https:\/\/yoast.com\/product\/yoast-seo-wordpress\/ -->\n<title>Schwarzwald (moody video) - joachimott journal<\/title>\n<meta name=\"description\" content=\"Ein Schwarzwald-Video der etwas anderen Art. Mit viel Wetter, dramatischen Landschaften und einer Stimmung, wie sie f\u00fcr diesen Mai typisch bei uns war.\" \/>\n<meta name=\"robots\" content=\"index, follow, max-snippet:-1, max-image-preview:large, max-video-preview:-1\" \/>\n<link rel=\"canonical\" href=\"https:\/\/www.joachimott.de\/journal\/2021\/05\/31\/schwarzwald-moody-video\/\" \/>\n<meta property=\"og:locale\" content=\"de_DE\" \/>\n<meta property=\"og:type\" content=\"article\" \/>\n<meta property=\"og:title\" content=\"Schwarzwald (moody video) - joachimott journal\" \/>\n<meta property=\"og:description\" content=\"Ein Schwarzwald-Video der etwas anderen Art. Mit viel Wetter, dramatischen Landschaften und einer Stimmung, wie sie f\u00fcr diesen Mai typisch bei uns war.\" \/>\n<meta property=\"og:url\" content=\"https:\/\/www.joachimott.de\/journal\/2021\/05\/31\/schwarzwald-moody-video\/\" \/>\n<meta property=\"og:site_name\" content=\"joachimott journal\" \/>\n<meta property=\"article:publisher\" content=\"https:\/\/www.facebook.com\/joachimott.de\/\" \/>\n<meta property=\"article:published_time\" content=\"2021-05-31T15:19:59+00:00\" \/>\n<meta property=\"article:modified_time\" content=\"2021-06-01T06:59:07+00:00\" \/>\n<meta property=\"og:image\" content=\"https:\/\/www.joachimott.de\/journal\/wp-content\/uploads\/LR-17.jpg\" \/>\n<meta name=\"author\" content=\"Joachim Ott\" \/>\n<meta name=\"twitter:card\" content=\"summary_large_image\" \/>\n<meta name=\"twitter:creator\" content=\"@joachimott\" \/>\n<meta name=\"twitter:site\" content=\"@joachimott\" \/>\n<meta name=\"twitter:label1\" content=\"Verfasst von\" \/>\n\t<meta name=\"twitter:data1\" content=\"Joachim Ott\" \/>\n\t<meta name=\"twitter:label2\" content=\"Gesch\u00e4tzte Lesezeit\" \/>\n\t<meta name=\"twitter:data2\" content=\"2\u00a0Minuten\" \/>\n<script type=\"application\/ld+json\" class=\"yoast-schema-graph\">{\"@context\":\"https:\\\/\\\/schema.org\",\"@graph\":[{\"@type\":\"Article\",\"@id\":\"https:\\\/\\\/www.joachimott.de\\\/journal\\\/2021\\\/05\\\/31\\\/schwarzwald-moody-video\\\/#article\",\"isPartOf\":{\"@id\":\"https:\\\/\\\/www.joachimott.de\\\/journal\\\/2021\\\/05\\\/31\\\/schwarzwald-moody-video\\\/\"},\"author\":{\"name\":\"Joachim Ott\",\"@id\":\"https:\\\/\\\/www.joachimott.de\\\/journal\\\/#\\\/schema\\\/person\\\/552eff30b66a890ff493afebb8de87bf\"},\"headline\":\"Schwarzwald (moody video)\",\"datePublished\":\"2021-05-31T15:19:59+00:00\",\"dateModified\":\"2021-06-01T06:59:07+00:00\",\"mainEntityOfPage\":{\"@id\":\"https:\\\/\\\/www.joachimott.de\\\/journal\\\/2021\\\/05\\\/31\\\/schwarzwald-moody-video\\\/\"},\"wordCount\":310,\"commentCount\":0,\"image\":{\"@id\":\"https:\\\/\\\/www.joachimott.de\\\/journal\\\/2021\\\/05\\\/31\\\/schwarzwald-moody-video\\\/#primaryimage\"},\"thumbnailUrl\":\"https:\\\/\\\/www.joachimott.de\\\/journal\\\/wp-content\\\/uploads\\\/LR-17.jpg\",\"keywords\":[\"Canon EOS M\",\"canon eos rp\",\"dunst\",\"Instagram\",\"instagram mission\",\"iphone 11\",\"iphone-video\",\"moody\",\"Nebel\",\"pandemie\",\"Regen\",\"regenwetter\",\"Roadtrip\",\"roadtrip schwarzwald\",\"schlechtes wetter\",\"Schwarzwald\",\"Video\",\"wolken\"],\"articleSection\":[\"Video\"],\"inLanguage\":\"de\",\"potentialAction\":[{\"@type\":\"CommentAction\",\"name\":\"Comment\",\"target\":[\"https:\\\/\\\/www.joachimott.de\\\/journal\\\/2021\\\/05\\\/31\\\/schwarzwald-moody-video\\\/#respond\"]}]},{\"@type\":\"WebPage\",\"@id\":\"https:\\\/\\\/www.joachimott.de\\\/journal\\\/2021\\\/05\\\/31\\\/schwarzwald-moody-video\\\/\",\"url\":\"https:\\\/\\\/www.joachimott.de\\\/journal\\\/2021\\\/05\\\/31\\\/schwarzwald-moody-video\\\/\",\"name\":\"Schwarzwald (moody video) - joachimott journal\",\"isPartOf\":{\"@id\":\"https:\\\/\\\/www.joachimott.de\\\/journal\\\/#website\"},\"primaryImageOfPage\":{\"@id\":\"https:\\\/\\\/www.joachimott.de\\\/journal\\\/2021\\\/05\\\/31\\\/schwarzwald-moody-video\\\/#primaryimage\"},\"image\":{\"@id\":\"https:\\\/\\\/www.joachimott.de\\\/journal\\\/2021\\\/05\\\/31\\\/schwarzwald-moody-video\\\/#primaryimage\"},\"thumbnailUrl\":\"https:\\\/\\\/www.joachimott.de\\\/journal\\\/wp-content\\\/uploads\\\/LR-17.jpg\",\"datePublished\":\"2021-05-31T15:19:59+00:00\",\"dateModified\":\"2021-06-01T06:59:07+00:00\",\"author\":{\"@id\":\"https:\\\/\\\/www.joachimott.de\\\/journal\\\/#\\\/schema\\\/person\\\/552eff30b66a890ff493afebb8de87bf\"},\"description\":\"Ein Schwarzwald-Video der etwas anderen Art. Mit viel Wetter, dramatischen Landschaften und einer Stimmung, wie sie f\u00fcr diesen Mai typisch bei uns war.\",\"breadcrumb\":{\"@id\":\"https:\\\/\\\/www.joachimott.de\\\/journal\\\/2021\\\/05\\\/31\\\/schwarzwald-moody-video\\\/#breadcrumb\"},\"inLanguage\":\"de\",\"potentialAction\":[{\"@type\":\"ReadAction\",\"target\":[\"https:\\\/\\\/www.joachimott.de\\\/journal\\\/2021\\\/05\\\/31\\\/schwarzwald-moody-video\\\/\"]}]},{\"@type\":\"ImageObject\",\"inLanguage\":\"de\",\"@id\":\"https:\\\/\\\/www.joachimott.de\\\/journal\\\/2021\\\/05\\\/31\\\/schwarzwald-moody-video\\\/#primaryimage\",\"url\":\"https:\\\/\\\/www.joachimott.de\\\/journal\\\/wp-content\\\/uploads\\\/LR-17.jpg\",\"contentUrl\":\"https:\\\/\\\/www.joachimott.de\\\/journal\\\/wp-content\\\/uploads\\\/LR-17.jpg\",\"width\":1080,\"height\":608,\"caption\":\"Schwarzwald (moody Video)\"},{\"@type\":\"BreadcrumbList\",\"@id\":\"https:\\\/\\\/www.joachimott.de\\\/journal\\\/2021\\\/05\\\/31\\\/schwarzwald-moody-video\\\/#breadcrumb\",\"itemListElement\":[{\"@type\":\"ListItem\",\"position\":1,\"name\":\"Startseite\",\"item\":\"https:\\\/\\\/www.joachimott.de\\\/journal\\\/\"},{\"@type\":\"ListItem\",\"position\":2,\"name\":\"Schwarzwald (moody video)\"}]},{\"@type\":\"WebSite\",\"@id\":\"https:\\\/\\\/www.joachimott.de\\\/journal\\\/#website\",\"url\":\"https:\\\/\\\/www.joachimott.de\\\/journal\\\/\",\"name\":\"joachimott journal\",\"description\":\"Weblog von Joachim Ott\",\"potentialAction\":[{\"@type\":\"SearchAction\",\"target\":{\"@type\":\"EntryPoint\",\"urlTemplate\":\"https:\\\/\\\/www.joachimott.de\\\/journal\\\/?s={search_term_string}\"},\"query-input\":{\"@type\":\"PropertyValueSpecification\",\"valueRequired\":true,\"valueName\":\"search_term_string\"}}],\"inLanguage\":\"de\"},{\"@type\":\"Person\",\"@id\":\"https:\\\/\\\/www.joachimott.de\\\/journal\\\/#\\\/schema\\\/person\\\/552eff30b66a890ff493afebb8de87bf\",\"name\":\"Joachim Ott\",\"sameAs\":[\"http:\\\/\\\/www.joachimott.de\"]}]}<\/script>\n<!-- \/ Yoast SEO plugin. -->","yoast_head_json":{"title":"Schwarzwald (moody video) - joachimott journal","description":"Ein Schwarzwald-Video der etwas anderen Art. Mit viel Wetter, dramatischen Landschaften und einer Stimmung, wie sie f\u00fcr diesen Mai typisch bei uns war.","robots":{"index":"index","follow":"follow","max-snippet":"max-snippet:-1","max-image-preview":"max-image-preview:large","max-video-preview":"max-video-preview:-1"},"canonical":"https:\/\/www.joachimott.de\/journal\/2021\/05\/31\/schwarzwald-moody-video\/","og_locale":"de_DE","og_type":"article","og_title":"Schwarzwald (moody video) - joachimott journal","og_description":"Ein Schwarzwald-Video der etwas anderen Art. Mit viel Wetter, dramatischen Landschaften und einer Stimmung, wie sie f\u00fcr diesen Mai typisch bei uns war.","og_url":"https:\/\/www.joachimott.de\/journal\/2021\/05\/31\/schwarzwald-moody-video\/","og_site_name":"joachimott journal","article_publisher":"https:\/\/www.facebook.com\/joachimott.de\/","article_published_time":"2021-05-31T15:19:59+00:00","article_modified_time":"2021-06-01T06:59:07+00:00","og_image":[{"url":"https:\/\/www.joachimott.de\/journal\/wp-content\/uploads\/LR-17.jpg","type":"","width":"","height":""}],"author":"Joachim Ott","twitter_card":"summary_large_image","twitter_creator":"@joachimott","twitter_site":"@joachimott","twitter_misc":{"Verfasst von":"Joachim Ott","Gesch\u00e4tzte Lesezeit":"2\u00a0Minuten"},"schema":{"@context":"https:\/\/schema.org","@graph":[{"@type":"Article","@id":"https:\/\/www.joachimott.de\/journal\/2021\/05\/31\/schwarzwald-moody-video\/#article","isPartOf":{"@id":"https:\/\/www.joachimott.de\/journal\/2021\/05\/31\/schwarzwald-moody-video\/"},"author":{"name":"Joachim Ott","@id":"https:\/\/www.joachimott.de\/journal\/#\/schema\/person\/552eff30b66a890ff493afebb8de87bf"},"headline":"Schwarzwald (moody video)","datePublished":"2021-05-31T15:19:59+00:00","dateModified":"2021-06-01T06:59:07+00:00","mainEntityOfPage":{"@id":"https:\/\/www.joachimott.de\/journal\/2021\/05\/31\/schwarzwald-moody-video\/"},"wordCount":310,"commentCount":0,"image":{"@id":"https:\/\/www.joachimott.de\/journal\/2021\/05\/31\/schwarzwald-moody-video\/#primaryimage"},"thumbnailUrl":"https:\/\/www.joachimott.de\/journal\/wp-content\/uploads\/LR-17.jpg","keywords":["Canon EOS M","canon eos rp","dunst","Instagram","instagram mission","iphone 11","iphone-video","moody","Nebel","pandemie","Regen","regenwetter","Roadtrip","roadtrip schwarzwald","schlechtes wetter","Schwarzwald","Video","wolken"],"articleSection":["Video"],"inLanguage":"de","potentialAction":[{"@type":"CommentAction","name":"Comment","target":["https:\/\/www.joachimott.de\/journal\/2021\/05\/31\/schwarzwald-moody-video\/#respond"]}]},{"@type":"WebPage","@id":"https:\/\/www.joachimott.de\/journal\/2021\/05\/31\/schwarzwald-moody-video\/","url":"https:\/\/www.joachimott.de\/journal\/2021\/05\/31\/schwarzwald-moody-video\/","name":"Schwarzwald (moody video) - joachimott journal","isPartOf":{"@id":"https:\/\/www.joachimott.de\/journal\/#website"},"primaryImageOfPage":{"@id":"https:\/\/www.joachimott.de\/journal\/2021\/05\/31\/schwarzwald-moody-video\/#primaryimage"},"image":{"@id":"https:\/\/www.joachimott.de\/journal\/2021\/05\/31\/schwarzwald-moody-video\/#primaryimage"},"thumbnailUrl":"https:\/\/www.joachimott.de\/journal\/wp-content\/uploads\/LR-17.jpg","datePublished":"2021-05-31T15:19:59+00:00","dateModified":"2021-06-01T06:59:07+00:00","author":{"@id":"https:\/\/www.joachimott.de\/journal\/#\/schema\/person\/552eff30b66a890ff493afebb8de87bf"},"description":"Ein Schwarzwald-Video der etwas anderen Art. Mit viel Wetter, dramatischen Landschaften und einer Stimmung, wie sie f\u00fcr diesen Mai typisch bei uns war.","breadcrumb":{"@id":"https:\/\/www.joachimott.de\/journal\/2021\/05\/31\/schwarzwald-moody-video\/#breadcrumb"},"inLanguage":"de","potentialAction":[{"@type":"ReadAction","target":["https:\/\/www.joachimott.de\/journal\/2021\/05\/31\/schwarzwald-moody-video\/"]}]},{"@type":"ImageObject","inLanguage":"de","@id":"https:\/\/www.joachimott.de\/journal\/2021\/05\/31\/schwarzwald-moody-video\/#primaryimage","url":"https:\/\/www.joachimott.de\/journal\/wp-content\/uploads\/LR-17.jpg","contentUrl":"https:\/\/www.joachimott.de\/journal\/wp-content\/uploads\/LR-17.jpg","width":1080,"height":608,"caption":"Schwarzwald (moody Video)"},{"@type":"BreadcrumbList","@id":"https:\/\/www.joachimott.de\/journal\/2021\/05\/31\/schwarzwald-moody-video\/#breadcrumb","itemListElement":[{"@type":"ListItem","position":1,"name":"Startseite","item":"https:\/\/www.joachimott.de\/journal\/"},{"@type":"ListItem","position":2,"name":"Schwarzwald (moody video)"}]},{"@type":"WebSite","@id":"https:\/\/www.joachimott.de\/journal\/#website","url":"https:\/\/www.joachimott.de\/journal\/","name":"joachimott journal","description":"Weblog von Joachim Ott","potentialAction":[{"@type":"SearchAction","target":{"@type":"EntryPoint","urlTemplate":"https:\/\/www.joachimott.de\/journal\/?s={search_term_string}"},"query-input":{"@type":"PropertyValueSpecification","valueRequired":true,"valueName":"search_term_string"}}],"inLanguage":"de"},{"@type":"Person","@id":"https:\/\/www.joachimott.de\/journal\/#\/schema\/person\/552eff30b66a890ff493afebb8de87bf","name":"Joachim Ott","sameAs":["http:\/\/www.joachimott.de"]}]}},"_links":{"self":[{"href":"https:\/\/www.joachimott.de\/journal\/wp-json\/wp\/v2\/posts\/11528","targetHints":{"allow":["GET"]}}],"collection":[{"href":"https:\/\/www.joachimott.de\/journal\/wp-json\/wp\/v2\/posts"}],"about":[{"href":"https:\/\/www.joachimott.de\/journal\/wp-json\/wp\/v2\/types\/post"}],"author":[{"embeddable":true,"href":"https:\/\/www.joachimott.de\/journal\/wp-json\/wp\/v2\/users\/3"}],"replies":[{"embeddable":true,"href":"https:\/\/www.joachimott.de\/journal\/wp-json\/wp\/v2\/comments?post=11528"}],"version-history":[{"count":7,"href":"https:\/\/www.joachimott.de\/journal\/wp-json\/wp\/v2\/posts\/11528\/revisions"}],"predecessor-version":[{"id":11537,"href":"https:\/\/www.joachimott.de\/journal\/wp-json\/wp\/v2\/posts\/11528\/revisions\/11537"}],"wp:attachment":[{"href":"https:\/\/www.joachimott.de\/journal\/wp-json\/wp\/v2\/media?parent=11528"}],"wp:term":[{"taxonomy":"category","embeddable":true,"href":"https:\/\/www.joachimott.de\/journal\/wp-json\/wp\/v2\/categories?post=11528"},{"taxonomy":"post_tag","embeddable":true,"href":"https:\/\/www.joachimott.de\/journal\/wp-json\/wp\/v2\/tags?post=11528"}],"curies":[{"name":"wp","href":"https:\/\/api.w.org\/{rel}","templated":true}]}}