{"id":10939,"date":"2020-11-10T12:30:03","date_gmt":"2020-11-10T11:30:03","guid":{"rendered":"https:\/\/www.joachimott.de\/journal\/?p=10939"},"modified":"2020-11-10T12:30:03","modified_gmt":"2020-11-10T11:30:03","slug":"welche-video-mikrofone-brauchst-du","status":"publish","type":"post","link":"https:\/\/www.joachimott.de\/journal\/2020\/11\/10\/welche-video-mikrofone-brauchst-du\/","title":{"rendered":"Welche Video-Mikrofone brauchst Du?"},"content":{"rendered":"<div id=\"attachment_10947\" style=\"width: 630px\" class=\"wp-caption alignnone\"><img loading=\"lazy\" decoding=\"async\" aria-describedby=\"caption-attachment-10947\" class=\"size-medium wp-image-10947\" src=\"https:\/\/www.joachimott.de\/journal\/wp-content\/uploads\/LR-7030-620x413.jpg\" alt=\"Video-Mikrofone: Welche oder welches brauchst Du f\u00fcr die beste Tonqualit\u00e4t in Deinem Video.\" width=\"620\" height=\"413\" \/><p id=\"caption-attachment-10947\" class=\"wp-caption-text\">Video-Mikrofone: Welche oder welches brauchst Du f\u00fcr die beste Tonqualit\u00e4t in Deinem Video.<\/p><\/div>\n<p>Video-Mikrofone sind unentbehrlich: Sie verbessern den Ton bei jedem Video, selbst bei Screen-Recording. Und auch wenn ein externes Mikrofon schon viel bringt: Nach kurzer Zeit w\u00fcnscht man sich f\u00fcr jede Situation ein spezielles, bestens geeignetes Video-Mikrofon. Nat\u00fcrlich ist es am sch\u00f6nsten, wenn man seinen Kaufw\u00fcnschen einfach mal nachgeben kann. Aber ich denke, mit diesen drei L\u00f6sungen bist Du fast jeder Aufnahme-Situation gewachsen.<\/p>\n<p><!--more--><\/p>\n<p>Wer zum ersten Mal den Ton der eingebauten Kamera-Mikrofone mit einer externen Aufnahme vergleichen hat, der will nicht mehr zur\u00fcck zum Kamera-Ton. Ein Blick auf die Arbeitsger\u00e4te zeigt aber schnell, dass man f\u00fcr den Audiobereich und Video-Mikrofone leicht genauso viel Geld ausgaben kann, wie f\u00fcr die Bildtechnik.<\/p>\n<p>Aber wie so oft bei technischen Dingen, erreicht man den gr\u00f6\u00dften Teil an Verbesserungen schon mit relativ einfachen Mitteln. Und der erste Schritt ist am wichtigsten. Mit dem klassischen Video-Mikrofon, auf der Kamera befestigt und direkt angeschlossen, bist Du schon ganz gut bedient. Und Du kannst es auch f\u00fcr die anderen Aufnahmebereiche einsetzen.<\/p>\n<div id=\"attachment_10949\" style=\"width: 630px\" class=\"wp-caption alignnone\"><img loading=\"lazy\" decoding=\"async\" aria-describedby=\"caption-attachment-10949\" class=\"size-medium wp-image-10949\" src=\"https:\/\/www.joachimott.de\/journal\/wp-content\/uploads\/LR-7056-620x413.jpg\" alt=\"Das typische Video-Mikrofon sitzt mit Fell-Puschel gegen Windger\u00e4usche auf der Kamera. \" width=\"620\" height=\"413\" \/><p id=\"caption-attachment-10949\" class=\"wp-caption-text\">Das typische Video-Mikrofon sitzt mit Fell-Puschel gegen Windger\u00e4usche auf der Kamera.<\/p><\/div>\n<h3>Das klassische Video-Mikrofon<\/h3>\n<p>Es sitzt typischerweise direkt auf der Kamera und ist nach vorne gerichtet. Idealerweise hat es einen Schutz gegen Windger\u00e4usche, wie einen Schaumstoffeinsatz oder den Fellschutz (Deadcat). Ein weiteres Aufnahmeger\u00e4t er\u00fcbrigt sich meist, das Tonsignal wird direkt in die Kamera eingespeist. Damit sparst Du Dir auch eine sp\u00e4tere Synchronisierung von Bild und Ton (obwohl die in FCPX zum Beispiel wirklich schnell und problemlos funktioniert).<\/p>\n<p>Die beste Aufnahmesituation f\u00fcr diese Technik hast Du dann, wenn Deine Schallquelle, also jemand, der direkt in die Kamera spricht, nicht allzu weit von Dir entfernt ist. Und wenn es keine oder nur wenige andere Ger\u00e4usche gibt (L\u00fcfter von technischen Ger\u00e4te in Innenr\u00e4umen zum Bespiel oder Verkehrsl\u00e4rm im Freien). Doie Entfernung sollte nicht allzu gro\u00df sein, denn meistens ist der Eingangspegel an Kameras ziemlich niedrig. Das bedeutet, Du musst \u00f6fters mal die Lautst\u00e4rke in der Nachbearbeitung deutich anheben &#8211; was meistens zu Lasten der Qualit\u00e4t geht.<\/p>\n<p>Die Auswahl an solchen Video-Mikrofonen ist recht gro\u00df, die Preisspanne ebenfalls. Ich verwende das <a href=\"https:\/\/amzn.to\/35e3jg2\" target=\"_blank\" rel=\"noopener noreferrer\">Rode VideoMicro kompakt<\/a>. Mit der Tonqualit\u00e4t, der Ausstattung und dem Preis (unter 50 \u20ac) bin ich sehr zufrieden. H\u00f6herwertige Modelle gibt es von Rode und beispielsweise auch von Deity. Beim Kauf solltest Du darauf achten, dass ein Windschutz schon dabei ist, oder Du solltest den Kaufpreis zumindest gleich ber\u00fccksichtigen bei einem Vergleich.<\/p>\n<p>F\u00fcr mich ebenfalls sehr hilfreich ist die Tatsache, dass dieses Video-Mikrofon keine Batterien braucht. Und dass es demzufolge auch nicht ausfallen kann, weil man mal vergessen hat, es auszuschalten und dann die Batterien leer sind.<\/p>\n<div id=\"attachment_10948\" style=\"width: 630px\" class=\"wp-caption alignnone\"><img loading=\"lazy\" decoding=\"async\" aria-describedby=\"caption-attachment-10948\" class=\"size-medium wp-image-10948\" src=\"https:\/\/www.joachimott.de\/journal\/wp-content\/uploads\/LR-7042-620x413.jpg\" alt=\"Lavalier mit Funk\u00fcbertragung: die wohl bequemste L\u00f6sung f\u00fcr ein Video-Mikrofon.\" width=\"620\" height=\"413\" \/><p id=\"caption-attachment-10948\" class=\"wp-caption-text\">Lavalier mit Funk\u00fcbertragung: die wohl bequemste L\u00f6sung.<\/p><\/div>\n<h3>Das Lavalier-Mikrofon<\/h3>\n<p>Diese Mini-Mikrofone sind meine Favoriten unter den Video-Mikrofonen und ich besitze gleich mehrere. Auch hier gibt es mehrere g\u00fcnstigen Einstiegsmodelle. Die Lavalier-Mikrofone werden direkt am Sprecher angebracht und sind demzufolge auch immer als kleiner schwarzer Knopf mit im Bild (es gibt jetzt auch wei\u00dfe Modelle).<\/p>\n<p>Die Tonqualit\u00e4t ist in meinen Augen die wohl beste im Vergleich aller Video-Mikrofone. Und das h\u00e4ngt daran, dass die Tonqualit\u00e4t und die Lautst\u00e4rke auch vom Abstand zur Schallquelle bestimmt wird. Lavalier-Mikrofone sitzen in der Regel etwa eine Handspanne unter dem Mund, besser geht es kaum. Selbst Richtmikrofone werden knapp au\u00dferhalb des Videobildes mit gr\u00f6\u00dferem Abstand angebracht (und sind wesentlich teurer).<\/p>\n<p>Die Unterschiede liegen im Preis, in der Qualit\u00e4t, in der Gr\u00f6\u00dfe und der Ausstattung. Die Preise beginnen irgendwo zwischen 10 und 20 \u20ac. Ob man die Unterschiede zu einem mehr als 100 \u20ac teuren Modell raush\u00f6rt ist bei Youtube-Videos eher unsicher. Alleine die Verwendung eines Lavaliers verbessert die Qualit\u00e4t gegen\u00fcber dem in die Kamera eingebauten Mirko schon ganz gewaltig.<\/p>\n<p>Relativ wichtig ist die Ausstattung. Kann man die Clips nachkaufen, mit denen die Lavalier-Mikrofone befestigt werden? Passen die Mikros auch in andere Clips? Und welche Stecker werden verwendet, die mit drei Ringen (f\u00fcr Apple-Ger\u00e4te) oder die mit zwei? Wie lange ist das Kabel? Ein sechs Meter alnges Kabel kann man auch direkt in die Kamera einst\u00f6pseln. F\u00fcr k\u00fcrzere Kabel braucht man eine Funk\u00fcbertragung oder ein Aufnahmeger\u00e4t.<\/p>\n<h3>Am besten bei Innenaufnahmen<\/h3>\n<p>Das Einsatzgebiet f\u00fcr diese Mini-Mikrofone sind vorwiegend Innenr\u00e4ume. Werden sie im Freien eingesetzt, so haben sie zwar immerhin noch den Vorteil, andere Ger\u00e4usche, wie Umgebungsger\u00e4usche nicht so stark aufzunehmen. Aber sie sind zum Beispiel genauso anf\u00e4llig wie andere Mikros gegen Windger\u00e4usche.<\/p>\n<p>Das bedeutet, Du brauchst den passenden Mini-Windschutz. Die gibt es durchaus, aus Schaumstoff oder mit Fell, und es gibt auch Universalgr\u00f6\u00dfen. Was wirklich passt, musst Du ausprobieren. Und nat\u00fcrlich geht der dezente Look des ultra-kleinen Mikros etwas verloren, wenn Du ein gro\u00dfes Fell-Puschel drauf setzt.<\/p>\n<p>Mein Favoriten waren lange das das <a href=\"http:\/\/amzn.to\/2FvOhCZ\" target=\"_blank\" rel=\"noopener noreferrer\">Audio-Technica ATR3350,<\/a>\u00a0(mit zwei Ringen und langem Kabel)\u00a0und das <a href=\"http:\/\/amzn.to\/2FuMdeB\" target=\"_blank\" rel=\"noopener noreferrer\">BOYA BY-M1<\/a> (mit drei Ringen und langem Kabel). Allerdings habe ich das lange Kabel f\u00fcr den Anschluss direkt an die Kamera selten genutzt und statt dessen einen Recorder wie diesen <a href=\"https:\/\/amzn.to\/3az6X3n\" target=\"_blank\" rel=\"noopener noreferrer\">Tascam DR 05x<\/a> genutzt.<\/p>\n<p>Aktuell nutze ich <a href=\"https:\/\/amzn.to\/2U5hnlu\" target=\"_blank\" rel=\"noopener noreferrer\">Rode Lavalier Go<\/a> zusammen mit dem <a href=\"https:\/\/amzn.to\/2U7H1WN\" target=\"_blank\" rel=\"noopener noreferrer\">Rode Wireless Go<\/a>\u00a0Funkset. Eine qualitativ sehr gute und sehr komfortable L\u00f6sung.<\/p>\n<div id=\"attachment_10950\" style=\"width: 630px\" class=\"wp-caption alignnone\"><img loading=\"lazy\" decoding=\"async\" aria-describedby=\"caption-attachment-10950\" class=\"size-medium wp-image-10950\" src=\"https:\/\/www.joachimott.de\/journal\/wp-content\/uploads\/LR-7061-620x413.jpg\" alt=\"Unauff\u00e4llig: schwarzes Lavalier am schwarzen Shirt. Dezenter ist es als Video-Mikrofon unter dem Shirt. \" width=\"620\" height=\"413\" \/><p id=\"caption-attachment-10950\" class=\"wp-caption-text\">Unauff\u00e4llig: schwarzes Lavalier am schwarzen Shirt. Dezenter ist es unter dem Shirt.<\/p><\/div>\n<p>Wer wie ich keine Video-Mikrofone im Bild sehen mag, der sollte sich mit den diversen Techniken besch\u00e4ftigen, wie man ein Lavalier-Mikrofon (zum Beispiel unter dem Hemd) unsichtbar anbringt. Mein Favorit ist eine <a href=\"https:\/\/www.joachimott.de\/journal\/2020\/09\/04\/lavaliermikrofone-anbringen\/\">selbst gebastelte dreieckige Klebetasche<\/a>, die beidseitig klebt: auf der Haut und am Shirt. Dadurch wird auch das Rascheln vom Hemdenstoff \u00fcber dem Lavalier-Mikrofon verhindert.<\/p>\n<div id=\"attachment_10951\" style=\"width: 630px\" class=\"wp-caption alignnone\"><img loading=\"lazy\" decoding=\"async\" aria-describedby=\"caption-attachment-10951\" class=\"size-medium wp-image-10951\" src=\"https:\/\/www.joachimott.de\/journal\/wp-content\/uploads\/LR-7032-620x413.jpg\" alt=\"USB-Mikrofon direkt am Mac angeschlossen. - ideal f\u00fcr Voice-Over Aufnahmen.\" width=\"620\" height=\"413\" \/><p id=\"caption-attachment-10951\" class=\"wp-caption-text\">USB-Mikrofon direkt am Mac angeschlossen. &#8211; ideal f\u00fcr Voice-Over Aufnahmen.<\/p><\/div>\n<h3>Das USB-Mikrofon<\/h3>\n<p>Egal wie sorgf\u00e4ltig man seine Texte verfasst und aufnimmt, sp\u00e4testens bei der Nachbearbeitung entdeckt man meistens noch etwas, was man einf\u00fcgen m\u00f6chte. Oder man plant von vorneherein etwas mehr Abwechslung ein mit einem Mix aus direkten Tonaufnahmen und einem nachtr\u00e4glichen <a href=\"https:\/\/www.joachimott.de\/journal\/2020\/09\/28\/voice-over-tipps-fuer-fcpx\/\">Voice-Over<\/a>.<\/p>\n<p>Auch hier kann man die bisher beschriebenen Produkte nutzen. Meist mit ein paar Umwegen, Kabeln, Adaptern und einer guten Halterung. Die beste und bequemste L\u00f6sung ist f\u00fcr mich ein USB-Mikrofon, das ich direkt an meinem iMac anschlie\u00dfen kann. Es wird von FCPX automatisch erkannt. Und in der Software sorgen der Count-Down und manuelle Aussteuerung daf\u00fcr, dass ich meinen Text passgenau und in der richtigen Lautst\u00e4rke unterbringe.<\/p>\n<p>USB-Mikrofone sind preiswert und in gro\u00dfer Vielfalt zu haben. In meinen Augen ist der Knackpunkt, dass die meisten relativ leise aufnehmen und man nachher die Lautst\u00e4rke deutlich anheben muss.<\/p>\n<p>Voraussetzung f\u00fcr die Mindest-Lautst\u00e4rke ist sowieso, dass man wirklich ganz dicht am Mikrofon dran ist: Die Lippen ber\u00fchren fast das Mikro. Deswegen brauchts es auch einen guten Mikrofonst\u00e4nder, entweder als Mini-Tischl\u00f6sung oder als komfortables gro\u00dfes Schwenk-Stativ.<\/p>\n<p>Ich benutze das <a href=\"https:\/\/amzn.to\/35c9hOv\" target=\"_blank\" rel=\"noopener noreferrer\">Auna MIC-900B<\/a> und diesen kleinen <a href=\"https:\/\/amzn.to\/2Iaw1Wt\" target=\"_blank\" rel=\"noopener noreferrer\">Tischst\u00e4nder<\/a>. Ich besitze auch diesen relativ gro\u00dfen und komfortabel <a href=\"https:\/\/amzn.to\/2U9wnic\" target=\"_blank\" rel=\"noopener noreferrer\">einstellbaren Mikrofonst\u00e4nder<\/a>, der am Schreibtisch befestigt wird. Dieses Teil l\u00e4sst sich auch hervorragend f\u00fcr <a href=\"https:\/\/www.joachimott.de\/journal\/2020\/02\/14\/flatlay-fotografie-mit-einfachen-mitteln\/\" target=\"_blank\" rel=\"noopener noreferrer\">Flatlay-Aufnahmen<\/a> mit dem iPhone verwenden. Aber ehrlich gesagt bin ich f\u00fcr diesen Minimal-Aufbau schon meistens zu faul. Das Mikro samt dem kleinen Tisch-St\u00e4nder auf meinen Schreibtisch zu stellen und einzust\u00f6pseln ist eine Sache von wenigen Sekunden.<\/p>\n<p>Der Podcast-Trend hat viele gute USB-Mikrofone im Preissegment um die 100 \u20ac hervorgebracht.<\/p>\n<h3>Fazit<\/h3>\n<p>Ich m\u00f6chte keines dieser Mikrofone missen. Andererseits ben\u00f6tige ich aktuell keine weitere L\u00f6sung, will mir gerade auch keine bessere Technik f\u00fcr einen der oben genannten Bereiche leisten (was aber erfahrungsgem\u00e4\u00df nur eine Frage der Zeit ist). Mit welcher L\u00f6sung man einsteigt, muss man anhand der anstehenden Aufgaben entscheiden. Die obige Reihenfolge halte ich aber f\u00fcr ziemlich universell.<\/p>\n<p>Der Spruch &#8218;Wer billig kauft, kauft zwei Mal&#8216; bewahrheitet sich auch hier. Allerdings bringt ein billiges Lavalier auch schon deutliche Verbesserungen. Mit 10 bis 20 \u20ac macht man nicht viel Geld kaputt und kann sp\u00e4ter unbesorgt nachr\u00fcsten. Wer sich allerdings sicher ist, in genau einem Bereich jetzt eine gute L\u00f6sung zu ben\u00f6tigen, der sollte gleich im mittleren Preisbereich eine gute L\u00f6sung suchen.<\/p>\n<p>&nbsp;<\/p>\n","protected":false},"excerpt":{"rendered":"<p>Video-Mikrofone sind unentbehrlich: Sie verbessern den Ton bei jedem Video, selbst bei Screen-Recording. Und auch wenn ein externes Mikrofon schon viel bringt: Nach kurzer Zeit w\u00fcnscht man sich f\u00fcr jede Situation ein spezielles, bestens geeignetes Video-Mikrofon. Nat\u00fcrlich ist es am sch\u00f6nsten, wenn man seinen Kaufw\u00fcnschen einfach mal nachgeben kann. Aber ich denke, mit diesen drei [&hellip;]<\/p>\n","protected":false},"author":3,"featured_media":0,"comment_status":"open","ping_status":"open","sticky":false,"template":"","format":"standard","meta":{"_et_pb_use_builder":"","_et_pb_old_content":"","_et_gb_content_width":"","footnotes":""},"categories":[2973,115],"tags":[3741,3740,1606,3739,2838,2573,1071,3742,3738,2793,3002,2411,3737,259],"class_list":["post-10939","post","type-post","status-publish","format-standard","hentry","category-audio","category-video","tag-deity","tag-kabellose-mikrofone","tag-lavalier","tag-lavalier-mikrofone","tag-mikrofonstaender","tag-mikros","tag-rode","tag-tischstaender","tag-tonaufnahmen","tag-tonqualitaet","tag-usb-mikrofon","tag-video","tag-video-mikrofone","tag-videoaufnahmen"],"yoast_head":"<!-- This site is optimized with the Yoast SEO plugin v27.4 - https:\/\/yoast.com\/product\/yoast-seo-wordpress\/ -->\n<title>Welche Video-Mikrofone brauchst Du? - joachimott journal<\/title>\n<meta name=\"description\" content=\"Video-Mikrofone machen jedes Video besser - durch bessere Tonqualit\u00e4t. Mindestens eines brauchst Du, mit diesen drei deckst Du fast jeden Einsatzbereich ab.\" \/>\n<meta name=\"robots\" content=\"index, follow, max-snippet:-1, max-image-preview:large, max-video-preview:-1\" \/>\n<link rel=\"canonical\" href=\"https:\/\/www.joachimott.de\/journal\/2020\/11\/10\/welche-video-mikrofone-brauchst-du\/\" \/>\n<meta property=\"og:locale\" content=\"de_DE\" \/>\n<meta property=\"og:type\" content=\"article\" \/>\n<meta property=\"og:title\" content=\"Welche Video-Mikrofone brauchst Du? - joachimott journal\" \/>\n<meta property=\"og:description\" content=\"Video-Mikrofone machen jedes Video besser - durch bessere Tonqualit\u00e4t. Mindestens eines brauchst Du, mit diesen drei deckst Du fast jeden Einsatzbereich ab.\" \/>\n<meta property=\"og:url\" content=\"https:\/\/www.joachimott.de\/journal\/2020\/11\/10\/welche-video-mikrofone-brauchst-du\/\" \/>\n<meta property=\"og:site_name\" content=\"joachimott journal\" \/>\n<meta property=\"article:publisher\" content=\"https:\/\/www.facebook.com\/joachimott.de\/\" \/>\n<meta property=\"article:published_time\" content=\"2020-11-10T11:30:03+00:00\" \/>\n<meta property=\"og:image\" content=\"https:\/\/www.joachimott.de\/journal\/wp-content\/uploads\/LR-7030-620x413.jpg\" \/>\n<meta name=\"author\" content=\"Joachim Ott\" \/>\n<meta name=\"twitter:card\" content=\"summary_large_image\" \/>\n<meta name=\"twitter:creator\" content=\"@joachimott\" \/>\n<meta name=\"twitter:site\" content=\"@joachimott\" \/>\n<meta name=\"twitter:label1\" content=\"Verfasst von\" \/>\n\t<meta name=\"twitter:data1\" content=\"Joachim Ott\" \/>\n\t<meta name=\"twitter:label2\" content=\"Gesch\u00e4tzte Lesezeit\" \/>\n\t<meta name=\"twitter:data2\" content=\"7\u00a0Minuten\" \/>\n<script type=\"application\/ld+json\" class=\"yoast-schema-graph\">{\"@context\":\"https:\\\/\\\/schema.org\",\"@graph\":[{\"@type\":\"Article\",\"@id\":\"https:\\\/\\\/www.joachimott.de\\\/journal\\\/2020\\\/11\\\/10\\\/welche-video-mikrofone-brauchst-du\\\/#article\",\"isPartOf\":{\"@id\":\"https:\\\/\\\/www.joachimott.de\\\/journal\\\/2020\\\/11\\\/10\\\/welche-video-mikrofone-brauchst-du\\\/\"},\"author\":{\"name\":\"Joachim Ott\",\"@id\":\"https:\\\/\\\/www.joachimott.de\\\/journal\\\/#\\\/schema\\\/person\\\/552eff30b66a890ff493afebb8de87bf\"},\"headline\":\"Welche Video-Mikrofone brauchst Du?\",\"datePublished\":\"2020-11-10T11:30:03+00:00\",\"mainEntityOfPage\":{\"@id\":\"https:\\\/\\\/www.joachimott.de\\\/journal\\\/2020\\\/11\\\/10\\\/welche-video-mikrofone-brauchst-du\\\/\"},\"wordCount\":1424,\"commentCount\":0,\"image\":{\"@id\":\"https:\\\/\\\/www.joachimott.de\\\/journal\\\/2020\\\/11\\\/10\\\/welche-video-mikrofone-brauchst-du\\\/#primaryimage\"},\"thumbnailUrl\":\"https:\\\/\\\/www.joachimott.de\\\/journal\\\/wp-content\\\/uploads\\\/LR-7030-620x413.jpg\",\"keywords\":[\"deity\",\"kabellose mikrofone\",\"lavalier\",\"lavalier-mikrofone\",\"mikrofonst\u00e4nder\",\"mikros\",\"Rode\",\"tischst\u00e4nder\",\"tonaufnahmen\",\"tonqualit\u00e4t\",\"usb-mikrofon\",\"Video\",\"video-mikrofone\",\"Videoaufnahmen\"],\"articleSection\":[\"Audio\",\"Video\"],\"inLanguage\":\"de\",\"potentialAction\":[{\"@type\":\"CommentAction\",\"name\":\"Comment\",\"target\":[\"https:\\\/\\\/www.joachimott.de\\\/journal\\\/2020\\\/11\\\/10\\\/welche-video-mikrofone-brauchst-du\\\/#respond\"]}]},{\"@type\":\"WebPage\",\"@id\":\"https:\\\/\\\/www.joachimott.de\\\/journal\\\/2020\\\/11\\\/10\\\/welche-video-mikrofone-brauchst-du\\\/\",\"url\":\"https:\\\/\\\/www.joachimott.de\\\/journal\\\/2020\\\/11\\\/10\\\/welche-video-mikrofone-brauchst-du\\\/\",\"name\":\"Welche Video-Mikrofone brauchst Du? - joachimott journal\",\"isPartOf\":{\"@id\":\"https:\\\/\\\/www.joachimott.de\\\/journal\\\/#website\"},\"primaryImageOfPage\":{\"@id\":\"https:\\\/\\\/www.joachimott.de\\\/journal\\\/2020\\\/11\\\/10\\\/welche-video-mikrofone-brauchst-du\\\/#primaryimage\"},\"image\":{\"@id\":\"https:\\\/\\\/www.joachimott.de\\\/journal\\\/2020\\\/11\\\/10\\\/welche-video-mikrofone-brauchst-du\\\/#primaryimage\"},\"thumbnailUrl\":\"https:\\\/\\\/www.joachimott.de\\\/journal\\\/wp-content\\\/uploads\\\/LR-7030-620x413.jpg\",\"datePublished\":\"2020-11-10T11:30:03+00:00\",\"author\":{\"@id\":\"https:\\\/\\\/www.joachimott.de\\\/journal\\\/#\\\/schema\\\/person\\\/552eff30b66a890ff493afebb8de87bf\"},\"description\":\"Video-Mikrofone machen jedes Video besser - durch bessere Tonqualit\u00e4t. Mindestens eines brauchst Du, mit diesen drei deckst Du fast jeden Einsatzbereich ab.\",\"breadcrumb\":{\"@id\":\"https:\\\/\\\/www.joachimott.de\\\/journal\\\/2020\\\/11\\\/10\\\/welche-video-mikrofone-brauchst-du\\\/#breadcrumb\"},\"inLanguage\":\"de\",\"potentialAction\":[{\"@type\":\"ReadAction\",\"target\":[\"https:\\\/\\\/www.joachimott.de\\\/journal\\\/2020\\\/11\\\/10\\\/welche-video-mikrofone-brauchst-du\\\/\"]}]},{\"@type\":\"ImageObject\",\"inLanguage\":\"de\",\"@id\":\"https:\\\/\\\/www.joachimott.de\\\/journal\\\/2020\\\/11\\\/10\\\/welche-video-mikrofone-brauchst-du\\\/#primaryimage\",\"url\":\"https:\\\/\\\/www.joachimott.de\\\/journal\\\/wp-content\\\/uploads\\\/LR-7030.jpg\",\"contentUrl\":\"https:\\\/\\\/www.joachimott.de\\\/journal\\\/wp-content\\\/uploads\\\/LR-7030.jpg\",\"width\":1080,\"height\":720,\"caption\":\"Video-Mikrofone: Welche oder welches brauchst Du f\u00fcr die beste Tonqualit\u00e4t in Deinem Video.\"},{\"@type\":\"BreadcrumbList\",\"@id\":\"https:\\\/\\\/www.joachimott.de\\\/journal\\\/2020\\\/11\\\/10\\\/welche-video-mikrofone-brauchst-du\\\/#breadcrumb\",\"itemListElement\":[{\"@type\":\"ListItem\",\"position\":1,\"name\":\"Startseite\",\"item\":\"https:\\\/\\\/www.joachimott.de\\\/journal\\\/\"},{\"@type\":\"ListItem\",\"position\":2,\"name\":\"Welche Video-Mikrofone brauchst Du?\"}]},{\"@type\":\"WebSite\",\"@id\":\"https:\\\/\\\/www.joachimott.de\\\/journal\\\/#website\",\"url\":\"https:\\\/\\\/www.joachimott.de\\\/journal\\\/\",\"name\":\"joachimott journal\",\"description\":\"Weblog von Joachim Ott\",\"potentialAction\":[{\"@type\":\"SearchAction\",\"target\":{\"@type\":\"EntryPoint\",\"urlTemplate\":\"https:\\\/\\\/www.joachimott.de\\\/journal\\\/?s={search_term_string}\"},\"query-input\":{\"@type\":\"PropertyValueSpecification\",\"valueRequired\":true,\"valueName\":\"search_term_string\"}}],\"inLanguage\":\"de\"},{\"@type\":\"Person\",\"@id\":\"https:\\\/\\\/www.joachimott.de\\\/journal\\\/#\\\/schema\\\/person\\\/552eff30b66a890ff493afebb8de87bf\",\"name\":\"Joachim Ott\",\"sameAs\":[\"http:\\\/\\\/www.joachimott.de\"]}]}<\/script>\n<!-- \/ Yoast SEO plugin. -->","yoast_head_json":{"title":"Welche Video-Mikrofone brauchst Du? - joachimott journal","description":"Video-Mikrofone machen jedes Video besser - durch bessere Tonqualit\u00e4t. Mindestens eines brauchst Du, mit diesen drei deckst Du fast jeden Einsatzbereich ab.","robots":{"index":"index","follow":"follow","max-snippet":"max-snippet:-1","max-image-preview":"max-image-preview:large","max-video-preview":"max-video-preview:-1"},"canonical":"https:\/\/www.joachimott.de\/journal\/2020\/11\/10\/welche-video-mikrofone-brauchst-du\/","og_locale":"de_DE","og_type":"article","og_title":"Welche Video-Mikrofone brauchst Du? - joachimott journal","og_description":"Video-Mikrofone machen jedes Video besser - durch bessere Tonqualit\u00e4t. Mindestens eines brauchst Du, mit diesen drei deckst Du fast jeden Einsatzbereich ab.","og_url":"https:\/\/www.joachimott.de\/journal\/2020\/11\/10\/welche-video-mikrofone-brauchst-du\/","og_site_name":"joachimott journal","article_publisher":"https:\/\/www.facebook.com\/joachimott.de\/","article_published_time":"2020-11-10T11:30:03+00:00","og_image":[{"url":"https:\/\/www.joachimott.de\/journal\/wp-content\/uploads\/LR-7030-620x413.jpg","type":"","width":"","height":""}],"author":"Joachim Ott","twitter_card":"summary_large_image","twitter_creator":"@joachimott","twitter_site":"@joachimott","twitter_misc":{"Verfasst von":"Joachim Ott","Gesch\u00e4tzte Lesezeit":"7\u00a0Minuten"},"schema":{"@context":"https:\/\/schema.org","@graph":[{"@type":"Article","@id":"https:\/\/www.joachimott.de\/journal\/2020\/11\/10\/welche-video-mikrofone-brauchst-du\/#article","isPartOf":{"@id":"https:\/\/www.joachimott.de\/journal\/2020\/11\/10\/welche-video-mikrofone-brauchst-du\/"},"author":{"name":"Joachim Ott","@id":"https:\/\/www.joachimott.de\/journal\/#\/schema\/person\/552eff30b66a890ff493afebb8de87bf"},"headline":"Welche Video-Mikrofone brauchst Du?","datePublished":"2020-11-10T11:30:03+00:00","mainEntityOfPage":{"@id":"https:\/\/www.joachimott.de\/journal\/2020\/11\/10\/welche-video-mikrofone-brauchst-du\/"},"wordCount":1424,"commentCount":0,"image":{"@id":"https:\/\/www.joachimott.de\/journal\/2020\/11\/10\/welche-video-mikrofone-brauchst-du\/#primaryimage"},"thumbnailUrl":"https:\/\/www.joachimott.de\/journal\/wp-content\/uploads\/LR-7030-620x413.jpg","keywords":["deity","kabellose mikrofone","lavalier","lavalier-mikrofone","mikrofonst\u00e4nder","mikros","Rode","tischst\u00e4nder","tonaufnahmen","tonqualit\u00e4t","usb-mikrofon","Video","video-mikrofone","Videoaufnahmen"],"articleSection":["Audio","Video"],"inLanguage":"de","potentialAction":[{"@type":"CommentAction","name":"Comment","target":["https:\/\/www.joachimott.de\/journal\/2020\/11\/10\/welche-video-mikrofone-brauchst-du\/#respond"]}]},{"@type":"WebPage","@id":"https:\/\/www.joachimott.de\/journal\/2020\/11\/10\/welche-video-mikrofone-brauchst-du\/","url":"https:\/\/www.joachimott.de\/journal\/2020\/11\/10\/welche-video-mikrofone-brauchst-du\/","name":"Welche Video-Mikrofone brauchst Du? - joachimott journal","isPartOf":{"@id":"https:\/\/www.joachimott.de\/journal\/#website"},"primaryImageOfPage":{"@id":"https:\/\/www.joachimott.de\/journal\/2020\/11\/10\/welche-video-mikrofone-brauchst-du\/#primaryimage"},"image":{"@id":"https:\/\/www.joachimott.de\/journal\/2020\/11\/10\/welche-video-mikrofone-brauchst-du\/#primaryimage"},"thumbnailUrl":"https:\/\/www.joachimott.de\/journal\/wp-content\/uploads\/LR-7030-620x413.jpg","datePublished":"2020-11-10T11:30:03+00:00","author":{"@id":"https:\/\/www.joachimott.de\/journal\/#\/schema\/person\/552eff30b66a890ff493afebb8de87bf"},"description":"Video-Mikrofone machen jedes Video besser - durch bessere Tonqualit\u00e4t. Mindestens eines brauchst Du, mit diesen drei deckst Du fast jeden Einsatzbereich ab.","breadcrumb":{"@id":"https:\/\/www.joachimott.de\/journal\/2020\/11\/10\/welche-video-mikrofone-brauchst-du\/#breadcrumb"},"inLanguage":"de","potentialAction":[{"@type":"ReadAction","target":["https:\/\/www.joachimott.de\/journal\/2020\/11\/10\/welche-video-mikrofone-brauchst-du\/"]}]},{"@type":"ImageObject","inLanguage":"de","@id":"https:\/\/www.joachimott.de\/journal\/2020\/11\/10\/welche-video-mikrofone-brauchst-du\/#primaryimage","url":"https:\/\/www.joachimott.de\/journal\/wp-content\/uploads\/LR-7030.jpg","contentUrl":"https:\/\/www.joachimott.de\/journal\/wp-content\/uploads\/LR-7030.jpg","width":1080,"height":720,"caption":"Video-Mikrofone: Welche oder welches brauchst Du f\u00fcr die beste Tonqualit\u00e4t in Deinem Video."},{"@type":"BreadcrumbList","@id":"https:\/\/www.joachimott.de\/journal\/2020\/11\/10\/welche-video-mikrofone-brauchst-du\/#breadcrumb","itemListElement":[{"@type":"ListItem","position":1,"name":"Startseite","item":"https:\/\/www.joachimott.de\/journal\/"},{"@type":"ListItem","position":2,"name":"Welche Video-Mikrofone brauchst Du?"}]},{"@type":"WebSite","@id":"https:\/\/www.joachimott.de\/journal\/#website","url":"https:\/\/www.joachimott.de\/journal\/","name":"joachimott journal","description":"Weblog von Joachim Ott","potentialAction":[{"@type":"SearchAction","target":{"@type":"EntryPoint","urlTemplate":"https:\/\/www.joachimott.de\/journal\/?s={search_term_string}"},"query-input":{"@type":"PropertyValueSpecification","valueRequired":true,"valueName":"search_term_string"}}],"inLanguage":"de"},{"@type":"Person","@id":"https:\/\/www.joachimott.de\/journal\/#\/schema\/person\/552eff30b66a890ff493afebb8de87bf","name":"Joachim Ott","sameAs":["http:\/\/www.joachimott.de"]}]}},"_links":{"self":[{"href":"https:\/\/www.joachimott.de\/journal\/wp-json\/wp\/v2\/posts\/10939","targetHints":{"allow":["GET"]}}],"collection":[{"href":"https:\/\/www.joachimott.de\/journal\/wp-json\/wp\/v2\/posts"}],"about":[{"href":"https:\/\/www.joachimott.de\/journal\/wp-json\/wp\/v2\/types\/post"}],"author":[{"embeddable":true,"href":"https:\/\/www.joachimott.de\/journal\/wp-json\/wp\/v2\/users\/3"}],"replies":[{"embeddable":true,"href":"https:\/\/www.joachimott.de\/journal\/wp-json\/wp\/v2\/comments?post=10939"}],"version-history":[{"count":12,"href":"https:\/\/www.joachimott.de\/journal\/wp-json\/wp\/v2\/posts\/10939\/revisions"}],"predecessor-version":[{"id":10957,"href":"https:\/\/www.joachimott.de\/journal\/wp-json\/wp\/v2\/posts\/10939\/revisions\/10957"}],"wp:attachment":[{"href":"https:\/\/www.joachimott.de\/journal\/wp-json\/wp\/v2\/media?parent=10939"}],"wp:term":[{"taxonomy":"category","embeddable":true,"href":"https:\/\/www.joachimott.de\/journal\/wp-json\/wp\/v2\/categories?post=10939"},{"taxonomy":"post_tag","embeddable":true,"href":"https:\/\/www.joachimott.de\/journal\/wp-json\/wp\/v2\/tags?post=10939"}],"curies":[{"name":"wp","href":"https:\/\/api.w.org\/{rel}","templated":true}]}}